{"id":114309,"date":"2024-04-23T18:33:55","date_gmt":"2024-04-23T21:33:55","guid":{"rendered":"https:\/\/cdnoticias.com\/?p=114309"},"modified":"2024-04-23T18:33:57","modified_gmt":"2024-04-23T21:33:57","slug":"la-receta-electronica-sera-obligatoria-en-todo-el-pais-desde-julio","status":"publish","type":"post","link":"https:\/\/cdnoticias.com\/index.php\/2024\/04\/23\/la-receta-electronica-sera-obligatoria-en-todo-el-pais-desde-julio\/","title":{"rendered":"La receta electr\u00f3nica ser\u00e1 obligatoria en todo el pa\u00eds desde julio"},"content":{"rendered":"\n<p>Entrar\u00e1 en vigencia para la prescripci\u00f3n de f\u00e1rmacos, estudios y tratamientos. Contempla la creaci\u00f3n de un registro de plataformas para la elaboraci\u00f3n de esas recetas.<\/p>\n\n\n\n<hr class=\"wp-block-separator has-alpha-channel-opacity\"\/>\n\n\n\n<p>Desde el 1\u00ba de julio, <strong>la receta digital o electr\u00f3nica ser\u00e1 obligatoria en todo el pa\u00eds <\/strong>para la compra de f\u00e1rmacos y la realizaci\u00f3n de estudios y tratamientos.<\/p>\n\n\n\n<p><\/p>\n\n\n\n<p>El decreto 345\/2024 publicado en el Bolet\u00edn Oficial establece una<strong> \u201creadecuaci\u00f3n\u201d <\/strong>de la reglamentaci\u00f3n de la ley 27.553 de \u201cRecetas electr\u00f3nicas o digitales\u201d, comunicada en un decreto anterior de febrero de 2023, al tiempo que se establece que se implementar\u00e1 en coordinaci\u00f3n con las autoridades de cada una de las 24 jurisdicciones.<\/p>\n\n\n\n<p><\/p>\n\n\n\n<p>\u201cLa receta electr\u00f3nica y\/o digital es el medio obligatorio para la<strong> prescripci\u00f3n de medicamentos, \u00f3rdenes de estudios, pr\u00e1cticas y cualquier otra indicaci\u00f3n que los profesionales de la salud consideren pertinentes para sus pacientes,<\/strong> en todo el territorio de la Rep\u00fablica Argentina, en la medida en que las jurisdicciones locales adhieran\u201d, precisa el decreto.<\/p>\n\n\n\n<p><\/p>\n\n\n\n<p>Adem\u00e1s, contempla la creaci\u00f3n de un<strong> registro de plataformas para la elaboraci\u00f3n de esas recetas. <\/strong>En tanto, la misma norma establece que el nuevo mecanismo podr\u00e1 convivir con la receta papel.<\/p>\n\n\n\n<p><\/p>\n\n\n\n<p>La medida, promulgada por el Ministerio de Salud de la Naci\u00f3n, apunta a brindar <strong>mayor eficiencia y seguridad en el acceso a medicamentos<\/strong>, al tiempo que contempla la integraci\u00f3n y estandarizaci\u00f3n de plataformas digitales ya existentes, as\u00ed como la <strong>creaci\u00f3n de un diccionario nacional de medicamentos.<\/strong><\/p>\n\n\n\n<p><\/p>\n\n\n\n<p>El decreto establece que las plataformas tecnol\u00f3gicas previas de prescripciones electr\u00f3nicas o digitales mantendr\u00e1n su validez, siempre que cumplan con los criterios estipulados en la nueva reglamentaci\u00f3n.<\/p>\n\n\n\n<p><\/p>\n\n\n\n<p>\u201cLa venta y despacho deben realizarse desde la farmacia, en presencia de un farmac\u00e9utico responsable (Director T\u00e9cnico y\/o farmac\u00e9utico auxiliar), su venta y entrega al paciente podr\u00e1 ser acordada por canales electr\u00f3nicos determinados por la farmacia, mediante traslado al lugar que \u00e9ste disponga a su conveniencia\u201d, establece el art\u00edculo 7\u00b0 del decreto 345\/2024.<\/p>\n\n\n\n<p><\/p>\n\n\n\n<p>Las farmacias deber\u00e1n <strong>archivar y guardar las recetas digitales durante 3 a\u00f1os.<\/strong><\/p>\n\n\n\n<p><\/p>\n\n\n\n<p><strong>Ejes centrales<\/strong><\/p>\n\n\n\n<p><\/p>\n\n\n\n<p><strong>-La identificaci\u00f3n de profesionales con capacidad para prescribir:<\/strong> se garantiza el adecuado acceso a la identificaci\u00f3n de los profesionales de la salud a trav\u00e9s de la Red Federal de Registro de Profesionales de la Salud (REFEPS).<\/p>\n\n\n\n<p><\/p>\n\n\n\n<p><strong>-Creaci\u00f3n de un Registro Nacional de Soluciones Inform\u00e1ticas:<\/strong> se desarrolla un registro nacional que incluye las soluciones inform\u00e1ticas que brindan soporte en la gesti\u00f3n sanitaria. Este registro abarca tanto los softwares que emiten recetas electr\u00f3nicas como aquellos utilizados por las farmacias para la gesti\u00f3n de la dispensaci\u00f3n de medicamentos.<\/p>\n\n\n\n<p><\/p>\n\n\n\n<p><strong>-Creaci\u00f3n del Diccionario Nacional de Medicamentos:<\/strong> para que las soluciones de salud digital puedan utilizarlo como base de referencia. Esto permite que las recetas sean emitidas denominando a los medicamentos por su nombre gen\u00e9rico, facilitando la identificaci\u00f3n y dispensaci\u00f3n de los mismos.<\/p>\n\n\n\n<p><\/p>\n\n\n\n<p><strong>-Mejoramiento de la comunicaci\u00f3n y acceso a las recetas y \u00f3rdenes electr\u00f3nicas: <\/strong>se propicia un sistema eficiente de comunicaci\u00f3n y acceso a las recetas y \u00f3rdenes electr\u00f3nicas emitidas. Esto incluye tambi\u00e9n la declaraci\u00f3n de la dispensa de medicamentos, la informaci\u00f3n sobre el producto entregado y su eventual sustituci\u00f3n en las farmacias.<\/p>\n\n\n\n<p><\/p>\n\n\n\n<p><em>Fuente: DIB.<\/em><\/p>\n","protected":false},"excerpt":{"rendered":"<p>Entrar\u00e1 en vigencia para la prescripci\u00f3n de f\u00e1rmacos, estudios y tratamientos. Contempla la creaci\u00f3n de un registro de plataformas para<\/p>\n","protected":false},"author":2,"featured_media":101288,"comment_status":"closed","ping_status":"closed","sticky":false,"template":"","format":"standard","meta":{"_jetpack_memberships_contains_paid_content":false,"footnotes":""},"categories":[6,1],"tags":[],"class_list":["post-114309","post","type-post","status-publish","format-standard","has-post-thumbnail","hentry","category-nacionales","category-portada"],"jetpack_featured_media_url":"https:\/\/i0.wp.com\/cdnoticias.com\/wp-content\/uploads\/2023\/11\/farmacia-medicamento.jpg?fit=1000%2C556&ssl=1","jetpack_sharing_enabled":true,"_links":{"self":[{"href":"https:\/\/cdnoticias.com\/index.php\/wp-json\/wp\/v2\/posts\/114309","targetHints":{"allow":["GET"]}}],"collection":[{"href":"https:\/\/cdnoticias.com\/index.php\/wp-json\/wp\/v2\/posts"}],"about":[{"href":"https:\/\/cdnoticias.com\/index.php\/wp-json\/wp\/v2\/types\/post"}],"author":[{"embeddable":true,"href":"https:\/\/cdnoticias.com\/index.php\/wp-json\/wp\/v2\/users\/2"}],"replies":[{"embeddable":true,"href":"https:\/\/cdnoticias.com\/index.php\/wp-json\/wp\/v2\/comments?post=114309"}],"version-history":[{"count":0,"href":"https:\/\/cdnoticias.com\/index.php\/wp-json\/wp\/v2\/posts\/114309\/revisions"}],"wp:featuredmedia":[{"embeddable":true,"href":"https:\/\/cdnoticias.com\/index.php\/wp-json\/wp\/v2\/media\/101288"}],"wp:attachment":[{"href":"https:\/\/cdnoticias.com\/index.php\/wp-json\/wp\/v2\/media?parent=114309"}],"wp:term":[{"taxonomy":"category","embeddable":true,"href":"https:\/\/cdnoticias.com\/index.php\/wp-json\/wp\/v2\/categories?post=114309"},{"taxonomy":"post_tag","embeddable":true,"href":"https:\/\/cdnoticias.com\/index.php\/wp-json\/wp\/v2\/tags?post=114309"}],"curies":[{"name":"wp","href":"https:\/\/api.w.org\/{rel}","templated":true}]}}