{"id":114286,"date":"2024-04-23T12:04:54","date_gmt":"2024-04-23T15:04:54","guid":{"rendered":"https:\/\/cdnoticias.com\/?p=114286"},"modified":"2024-04-23T14:50:06","modified_gmt":"2024-04-23T17:50:06","slug":"dia-del-libro-menos-ventas-que-antes-pero-mas-diversidad-de-precios","status":"publish","type":"post","link":"https:\/\/cdnoticias.com\/index.php\/2024\/04\/23\/dia-del-libro-menos-ventas-que-antes-pero-mas-diversidad-de-precios\/","title":{"rendered":"D\u00eda del libro: menos ventas que antes, pero m\u00e1s diversidad de precios"},"content":{"rendered":"\n<p>Central de Noticias dialog\u00f3 con Ulises Casta\u00f1o, uno de los referentes de \u201cLibrer\u00eda El Puente\u201d quien brind\u00f3 un panorama sobre la influencia del contexto econ\u00f3mico en el rubro. Las editoriales independientes, cada vez m\u00e1s fuertes.<\/p>\n\n\n\n<hr class=\"wp-block-separator aligncenter has-alpha-channel-opacity\"\/>\n\n\n\n<p>Este martes se celebra el <strong>D\u00eda Mundial del Libro,<\/strong> fecha promovida por la Organizaci\u00f3n de las Naciones Unidas para la Educaci\u00f3n, la Ciencia y la Cultura (UNESCO) con el <strong>objetivo de fomentar la lectura.<\/strong><\/p>\n\n\n\n<p><\/p>\n\n\n\n<p><em>Central de Noticias <\/em>dialog\u00f3 con <strong>Ulises Casta\u00f1o,<\/strong> uno de los referentes de <strong>\u201cLibrer\u00eda El Puente<\/strong>\u201d quien brind\u00f3 un panorama sobre la influencia del contexto econ\u00f3mico en el rubro. Adem\u00e1s, destac\u00f3 la importancia de la lectura y remarc\u00f3 la influencia de las editoriales independientes en estos \u00faltimos a\u00f1os.<\/p>\n\n\n\n<p><\/p>\n\n\n\n<p>Casta\u00f1o expres\u00f3 que este d\u00eda es de gran importancia \u201cprimero porque en el local venimos formados como lectores, segundo porque vivimos de esto y tercero y sobre todo este momento que <strong>estamos atravesando en donde el libro significa muchas otras cosas adem\u00e1s de la lectura<\/strong>, como por ejemplo, <strong>algunas personas lo utilizan como distracci\u00f3n\u201d.<\/strong><\/p>\n\n\n\n<p><\/p>\n\n\n\n<figure class=\"wp-block-image aligncenter size-full\"><img data-recalc-dims=\"1\" loading=\"lazy\" decoding=\"async\" width=\"710\" height=\"615\" src=\"https:\/\/i0.wp.com\/cdnoticias.com\/wp-content\/uploads\/2024\/04\/libreria-el-puente-4.jpeg?resize=710%2C615&#038;ssl=1\" alt=\"\" class=\"wp-image-114293\" srcset=\"https:\/\/i0.wp.com\/cdnoticias.com\/wp-content\/uploads\/2024\/04\/libreria-el-puente-4.jpeg?w=710&amp;ssl=1 710w, https:\/\/i0.wp.com\/cdnoticias.com\/wp-content\/uploads\/2024\/04\/libreria-el-puente-4.jpeg?resize=300%2C260&amp;ssl=1 300w\" sizes=\"auto, (max-width: 710px) 100vw, 710px\" \/><\/figure>\n\n\n\n<p><\/p>\n\n\n\n<p>Sobre las actividades con la librer\u00eda, explic\u00f3 que adem\u00e1s de tener el local en la ciudad donde <strong><em>\u201ctratamos de tener una propuesta que se diferencie al resto de las librer\u00edas, lo cual contribuye a la diversidad<\/em><\/strong>\u201d siempre est\u00e1n atentos a generar alguna propuesta en vinculaci\u00f3n con otro espacio de la ciudad o con autores.<\/p>\n\n\n\n<p><\/p>\n\n\n\n<p class=\"has-medium-font-size\"><strong>Menos ventas, m\u00e1s diversidad de precios y la fuerte pisada de las editoriales independientes<\/strong><\/p>\n\n\n\n<p><\/p>\n\n\n\n<p>En un nuevo contexto econ\u00f3mico y pol\u00edtico de la mano de la inflaci\u00f3n que sigue por las nubes, las personas empiezan a decidir <strong>en qu\u00e9 gastar su dinero y en qu\u00e9 gastos recortar para aliviar el bolsillo.<\/strong><\/p>\n\n\n\n<p><\/p>\n\n\n\n<p>Casta\u00f1o sostuvo que \u201c<strong>lo que est\u00e1 sucediendo a nivel econ\u00f3mico es tremendo. No se comprueba solamente en el libro, creo que es en todos los rubros. Esa inquietud la suelo charlar much\u00edsimo con la gente que viene a la librer\u00eda\u201d.<\/strong><\/p>\n\n\n\n<p><\/p>\n\n\n\n<blockquote class=\"wp-block-quote is-layout-flow wp-block-quote-is-layout-flow\">\n<p>De todas maneras, Ulises se\u00f1al\u00f3 que \u201chay libros de todo precio. El libro no aument\u00f3 m\u00e1s que otras cosas, de manera diferenciada a lo que aumentaron casi todas las cosas\u201d.<\/p>\n<\/blockquote>\n\n\n\n<p><\/p>\n\n\n\n<figure class=\"wp-block-image aligncenter size-full\"><img data-recalc-dims=\"1\" loading=\"lazy\" decoding=\"async\" width=\"720\" height=\"595\" src=\"https:\/\/i0.wp.com\/cdnoticias.com\/wp-content\/uploads\/2024\/04\/libreria-el-puente-1.jpeg?resize=720%2C595&#038;ssl=1\" alt=\"\" class=\"wp-image-114290\" srcset=\"https:\/\/i0.wp.com\/cdnoticias.com\/wp-content\/uploads\/2024\/04\/libreria-el-puente-1.jpeg?w=720&amp;ssl=1 720w, https:\/\/i0.wp.com\/cdnoticias.com\/wp-content\/uploads\/2024\/04\/libreria-el-puente-1.jpeg?resize=300%2C248&amp;ssl=1 300w\" sizes=\"auto, (max-width: 720px) 100vw, 720px\" \/><\/figure>\n\n\n\n<p><\/p>\n\n\n\n<p>\u201cLo que s\u00ed tiene el libro es que ocupa un lugar diferente. El libro se utiliza para regalar, con el libro uno se distrae, se lo lleva de vacaciones, con el libro hay gente que trabaja, lo necesita para dar clases o estudiar\u201d agreg\u00f3.<\/p>\n\n\n\n<p><\/p>\n\n\n\n<p>En ese sentido <strong>\u201ctiene m\u00e1s aristas que otros productos u objetos. Desde luego que en la medida en que el libro no es un objeto de primera necesidad, de la misma forma que consideramos los alimento o la salud\u201d<\/strong> remarc\u00f3 el librero.<\/p>\n\n\n\n<p><\/p>\n\n\n\n<blockquote class=\"wp-block-quote is-layout-flow wp-block-quote-is-layout-flow\">\n<p>\u201cVi\u00e9ndolo de este lado del mostrador, obviamente que s\u00ed se verifica una baja en las ventas, pero tambi\u00e9n se verifica porque me pasa a m\u00ed a nivel personal. Yo cierro la librer\u00eda, voy para mi casa y en el camino la plata se me va en el supermercado y compras del d\u00eda. Por eso hay que verlo en consonancia del contexto actual\u201d agreg\u00f3.<\/p>\n<\/blockquote>\n\n\n\n<p><\/p>\n\n\n\n<figure class=\"wp-block-image aligncenter size-full\"><img data-recalc-dims=\"1\" loading=\"lazy\" decoding=\"async\" width=\"718\" height=\"573\" src=\"https:\/\/i0.wp.com\/cdnoticias.com\/wp-content\/uploads\/2024\/04\/libreria-el-puente-2.jpeg?resize=718%2C573&#038;ssl=1\" alt=\"\" class=\"wp-image-114291\" srcset=\"https:\/\/i0.wp.com\/cdnoticias.com\/wp-content\/uploads\/2024\/04\/libreria-el-puente-2.jpeg?w=718&amp;ssl=1 718w, https:\/\/i0.wp.com\/cdnoticias.com\/wp-content\/uploads\/2024\/04\/libreria-el-puente-2.jpeg?resize=300%2C239&amp;ssl=1 300w\" sizes=\"auto, (max-width: 718px) 100vw, 718px\" \/><\/figure>\n\n\n\n<p><\/p>\n\n\n\n<p>El librero remarc\u00f3 a la par las variables que afectan los precios: \u201c<strong><em>no creo que el libro est\u00e9 abruptamente caro. Algunas de las circunstancias por las que pueden estar caro es por el precio del papel ya que se exporta o el hecho de que actualmente est\u00e1 derogada la ley que protege la actividad, y se va hacia un escenario que podr\u00eda ser mucho peor\u201d.<\/em><\/strong><\/p>\n\n\n\n<p><\/p>\n\n\n\n<p>Entre las opciones que podemos encontrar con precios quiz\u00e1s, <strong>\u201cm\u00e1s diferenciados<\/strong>\u201d se encuentran las <strong>editoriales independientes.<\/strong><\/p>\n\n\n\n<p><\/p>\n\n\n\n<p>\u201cCuando uno piensa en el sector del libro tiene que pensar en much\u00edsimos productos, <strong>los libros son infinitos<\/strong>, por lo tanto <strong>hay much\u00edsimas editoriales. <\/strong>Argentina tiene por suerte un conglomerado de <strong>editoriales independientes <\/strong>que laburan con una l\u00f3gica muy diferente a los grandes grupos econ\u00f3micos y editoriales de renombre\u201d sostuvo Ulises.<\/p>\n\n\n\n<p><\/p>\n\n\n\n<blockquote class=\"wp-block-quote is-layout-flow wp-block-quote-is-layout-flow\">\n<p>\u201cCuando te pon\u00e9s a comparar libros de los grandes grupos editoriales con literatura independiente,  los precios se abaratan bastante m\u00e1s\u201d agreg\u00f3. &nbsp;<\/p>\n<\/blockquote>\n\n\n\n<figure class=\"wp-block-image aligncenter size-full\"><img data-recalc-dims=\"1\" loading=\"lazy\" decoding=\"async\" width=\"718\" height=\"650\" src=\"https:\/\/i0.wp.com\/cdnoticias.com\/wp-content\/uploads\/2024\/04\/libreria-el-puente-3.jpeg?resize=718%2C650&#038;ssl=1\" alt=\"\" class=\"wp-image-114292\" srcset=\"https:\/\/i0.wp.com\/cdnoticias.com\/wp-content\/uploads\/2024\/04\/libreria-el-puente-3.jpeg?w=718&amp;ssl=1 718w, https:\/\/i0.wp.com\/cdnoticias.com\/wp-content\/uploads\/2024\/04\/libreria-el-puente-3.jpeg?resize=300%2C272&amp;ssl=1 300w\" sizes=\"auto, (max-width: 718px) 100vw, 718px\" \/><\/figure>\n\n\n\n<p><\/p>\n\n\n\n<p><\/p>\n\n\n\n<p>Por \u00faltimo, Ulises cerr\u00f3 con una recomendaci\u00f3n: \u201c<strong><em>uno de los ejemplos actuales es la escritora Alejandra Kamiya de una editorial independiente y que hoy es un \u00e9xito. Hay alternativas, lo que sucede es que uno debe empezar a conocer c\u00f3mo funciona ese mercado\u201d.<\/em><\/strong><\/p>\n","protected":false},"excerpt":{"rendered":"<p>Central de Noticias dialog\u00f3 con Ulises Casta\u00f1o, uno de los referentes de \u201cLibrer\u00eda El Puente\u201d quien brind\u00f3 un panorama sobre<\/p>\n","protected":false},"author":6,"featured_media":114288,"comment_status":"closed","ping_status":"closed","sticky":false,"template":"","format":"standard","meta":{"_jetpack_memberships_contains_paid_content":false,"footnotes":""},"categories":[9,1],"tags":[],"class_list":["post-114286","post","type-post","status-publish","format-standard","has-post-thumbnail","hentry","category-cultura","category-portada"],"jetpack_featured_media_url":"https:\/\/i0.wp.com\/cdnoticias.com\/wp-content\/uploads\/2024\/04\/ulises-libreria-el-puente.webp?fit=768%2C511&ssl=1","jetpack_sharing_enabled":true,"_links":{"self":[{"href":"https:\/\/cdnoticias.com\/index.php\/wp-json\/wp\/v2\/posts\/114286","targetHints":{"allow":["GET"]}}],"collection":[{"href":"https:\/\/cdnoticias.com\/index.php\/wp-json\/wp\/v2\/posts"}],"about":[{"href":"https:\/\/cdnoticias.com\/index.php\/wp-json\/wp\/v2\/types\/post"}],"author":[{"embeddable":true,"href":"https:\/\/cdnoticias.com\/index.php\/wp-json\/wp\/v2\/users\/6"}],"replies":[{"embeddable":true,"href":"https:\/\/cdnoticias.com\/index.php\/wp-json\/wp\/v2\/comments?post=114286"}],"version-history":[{"count":0,"href":"https:\/\/cdnoticias.com\/index.php\/wp-json\/wp\/v2\/posts\/114286\/revisions"}],"wp:featuredmedia":[{"embeddable":true,"href":"https:\/\/cdnoticias.com\/index.php\/wp-json\/wp\/v2\/media\/114288"}],"wp:attachment":[{"href":"https:\/\/cdnoticias.com\/index.php\/wp-json\/wp\/v2\/media?parent=114286"}],"wp:term":[{"taxonomy":"category","embeddable":true,"href":"https:\/\/cdnoticias.com\/index.php\/wp-json\/wp\/v2\/categories?post=114286"},{"taxonomy":"post_tag","embeddable":true,"href":"https:\/\/cdnoticias.com\/index.php\/wp-json\/wp\/v2\/tags?post=114286"}],"curies":[{"name":"wp","href":"https:\/\/api.w.org\/{rel}","templated":true}]}}