{"id":114273,"date":"2024-04-22T17:12:28","date_gmt":"2024-04-22T20:12:28","guid":{"rendered":"https:\/\/cdnoticias.com\/?p=114273"},"modified":"2024-04-22T17:14:10","modified_gmt":"2024-04-22T20:14:10","slug":"el-gobierno-nacional-quiere-desmovilizar-con-un-anuncio-no-hubo-acuerdo","status":"publish","type":"post","link":"https:\/\/cdnoticias.com\/index.php\/2024\/04\/22\/el-gobierno-nacional-quiere-desmovilizar-con-un-anuncio-no-hubo-acuerdo\/","title":{"rendered":"El gobierno nacional \u201cquiere desmovilizar con un anuncio, no hubo acuerdo\u201d"},"content":{"rendered":"\n<p>Los decanos de las casas de estudio de Olavarr\u00eda respondieron a la insistencia del gobierno nacional en un aumento presupuestario \u201cinsuficiente\u201d para el funcionamiento de las universidades. \u201cSon anuncios que no han impactado en la soluci\u00f3n\u201d.<\/p>\n\n\n\n<hr class=\"wp-block-separator aligncenter has-alpha-channel-opacity\"\/>\n\n\n\n<p>Tras la <strong>insistencia del gobierno nacional sobre un di\u00e1logo y acuerdo de un incremento del 70% para marzo y 70% para abril del Presupuesto universitario en sus \u00edtems de funcionamiento, los tres decanos de las facultades de la Unicen de Olavarr\u00eda respondieron que no hubo acuerdo, que fue s\u00f3lo un anuncio y que \u201ces insuficiente\u201d.<\/strong> Incluso, acusaron a la gesti\u00f3n Milei de buscar una \u201cdesmovilizaci\u00f3n\u201d de cara a la importante marcha de este martes.<\/p>\n\n\n\n<p><strong>Mar\u00eda Peralta, decana de la Facultad de Ingenier\u00eda<\/strong>, dijo que todo esto <em>\u201ctiene que ver con la discusi\u00f3n instalada en estos d\u00edas, de tantas noticias verdaderas y las que no lo son. Lo que sabemos es que ese 70% para presupuesto de funcionamiento de marzo como el anunciado para mayo fue un anuncio, <strong>no fue un acuerdo de consenso como se hab\u00eda manifestado<\/strong>\u201d.<\/em><\/p>\n\n\n\n<p>Incluso adelant\u00f3 que en la cadena nacional del presidente Milei \u201c<em><strong>seguramente se referir\u00e1 a la marcha de ma\u00f1ana. Ha habido di\u00e1logo, pero no ha habido acuerdo hasta donde sabemos\u201d.<\/strong><\/em><\/p>\n\n\n\n<p><strong>Gabriela Gamberini, decana de la Facultad de Ciencias Sociales de la Unicen<\/strong>, explic\u00f3 que <em>\u201cestamos en un a\u00f1o que no tenemos Ley de Presupuesto\u201d lo que hace que \u201cla situaci\u00f3n sea a\u00fan m\u00e1s compleja. El a\u00f1o pasado se proyect\u00f3 el presupuesto para este a\u00f1o, para mantener el nivel de ingreso en el \u00e1mbito de las universidades se proyectaba un incremento del 250%. <strong>Si pensamos en esa referencia, y lo comparamos con el 70% es muy, muy insuficiente\u201d<\/strong>.<\/em><\/p>\n\n\n\n<blockquote class=\"wp-block-quote is-layout-flow wp-block-quote-is-layout-flow\">\n<p>\u201cSon anuncios que no han impactado en la soluci\u00f3n. Queremos ser claros con la comunidad respecto de estos anuncios, porque me pas\u00f3 de escuchar que ese 70% era de todo el presupuesto y no es as\u00ed. Adem\u00e1s, es una presentaci\u00f3n unilateral\u201d.<\/p>\n<\/blockquote>\n\n\n\n<p>Finalmente, <strong>H\u00e9ctor Trebucq, decano de la Facultad de Salud, denunci\u00f3 que<em> \u201clo que el gobierno nacional hace es un intento de quitarle importancia a la movilizaci\u00f3n. A \u00faltima hora y sin acuerdo, solo con anuncio. Quieren desmovilizar\u201d.<\/em><\/strong><\/p>\n\n\n\n<p><\/p>\n\n\n\n<figure class=\"wp-block-embed is-type-wp-embed is-provider-central-de-noticias-olavarr-a wp-block-embed-central-de-noticias-olavarr-a\"><div class=\"wp-block-embed__wrapper\">\n<blockquote class=\"wp-embedded-content\" data-secret=\"vIzXhnBLGa\"><a href=\"https:\/\/cdnoticias.com\/index.php\/2024\/04\/22\/movilizacion-en-olavarria-marchamos-porque-honramos-la-historia-de-la-universidad-publica-argentina\/\">Movilizaci\u00f3n en Olavarr\u00eda: \u201cmarchamos porque honramos la historia de la universidad p\u00fablica argentina\u201d<\/a><\/blockquote><iframe loading=\"lazy\" class=\"wp-embedded-content\" sandbox=\"allow-scripts\" security=\"restricted\" style=\"position: absolute; clip: rect(1px, 1px, 1px, 1px);\" title=\"&#8220;Movilizaci\u00f3n en Olavarr\u00eda: \u201cmarchamos porque honramos la historia de la universidad p\u00fablica argentina\u201d&#8221; &#8212; Central de Noticias | Olavarr\u00eda\" src=\"https:\/\/cdnoticias.com\/index.php\/2024\/04\/22\/movilizacion-en-olavarria-marchamos-porque-honramos-la-historia-de-la-universidad-publica-argentina\/embed\/#?secret=JReaEFfCII#?secret=vIzXhnBLGa\" data-secret=\"vIzXhnBLGa\" width=\"600\" height=\"338\" frameborder=\"0\" marginwidth=\"0\" marginheight=\"0\" scrolling=\"no\"><\/iframe>\n<\/div><\/figure>\n","protected":false},"excerpt":{"rendered":"<p>Los decanos de las casas de estudio de Olavarr\u00eda respondieron a la insistencia del gobierno nacional en un aumento presupuestario<\/p>\n","protected":false},"author":2,"featured_media":114254,"comment_status":"closed","ping_status":"closed","sticky":false,"template":"","format":"standard","meta":{"_jetpack_memberships_contains_paid_content":false,"footnotes":""},"categories":[5,1],"tags":[],"class_list":["post-114273","post","type-post","status-publish","format-standard","has-post-thumbnail","hentry","category-informacion-general","category-portada"],"jetpack_featured_media_url":"https:\/\/i0.wp.com\/cdnoticias.com\/wp-content\/uploads\/2024\/04\/conferencia-marcha-universitaria1.jpg?fit=1058%2C588&ssl=1","jetpack_sharing_enabled":true,"_links":{"self":[{"href":"https:\/\/cdnoticias.com\/index.php\/wp-json\/wp\/v2\/posts\/114273","targetHints":{"allow":["GET"]}}],"collection":[{"href":"https:\/\/cdnoticias.com\/index.php\/wp-json\/wp\/v2\/posts"}],"about":[{"href":"https:\/\/cdnoticias.com\/index.php\/wp-json\/wp\/v2\/types\/post"}],"author":[{"embeddable":true,"href":"https:\/\/cdnoticias.com\/index.php\/wp-json\/wp\/v2\/users\/2"}],"replies":[{"embeddable":true,"href":"https:\/\/cdnoticias.com\/index.php\/wp-json\/wp\/v2\/comments?post=114273"}],"version-history":[{"count":0,"href":"https:\/\/cdnoticias.com\/index.php\/wp-json\/wp\/v2\/posts\/114273\/revisions"}],"wp:featuredmedia":[{"embeddable":true,"href":"https:\/\/cdnoticias.com\/index.php\/wp-json\/wp\/v2\/media\/114254"}],"wp:attachment":[{"href":"https:\/\/cdnoticias.com\/index.php\/wp-json\/wp\/v2\/media?parent=114273"}],"wp:term":[{"taxonomy":"category","embeddable":true,"href":"https:\/\/cdnoticias.com\/index.php\/wp-json\/wp\/v2\/categories?post=114273"},{"taxonomy":"post_tag","embeddable":true,"href":"https:\/\/cdnoticias.com\/index.php\/wp-json\/wp\/v2\/tags?post=114273"}],"curies":[{"name":"wp","href":"https:\/\/api.w.org\/{rel}","templated":true}]}}