{"id":114264,"date":"2024-04-22T18:34:15","date_gmt":"2024-04-22T21:34:15","guid":{"rendered":"https:\/\/cdnoticias.com\/?p=114264"},"modified":"2024-04-22T20:36:46","modified_gmt":"2024-04-22T23:36:46","slug":"lucas-moyano-ciberdelitos-es-un-libro-para-ayudar","status":"publish","type":"post","link":"https:\/\/cdnoticias.com\/index.php\/2024\/04\/22\/lucas-moyano-ciberdelitos-es-un-libro-para-ayudar\/","title":{"rendered":"Lucas Moyano: Ciberdelitos es \u201cun libro para ayudar\u201d"},"content":{"rendered":"<p>Desde 2018 encabeza la Fiscal\u00eda especializada del Departamento Judicial Azul, una de las primeras del pa\u00eds. \u201cFue un sue\u00f1o, fue un libro escrito con esfuerzo\u201d le dijo a Central de Noticias.<!--more--><\/p>\n<hr \/>\n<p><a href=\"https:\/\/cdnoticias.com\/index.php\/2024\/04\/17\/el-fiscal-lucas-moyano-presento-su-libro-ciberdelitos\/\" target=\"_blank\" rel=\"noopener\">D\u00edas pasados se edit\u00f3 el <strong>libro \u201cCiberdelitos\u201d<\/strong> escrito por <\/a><strong>Lucas Moyano, funcionario del Ministerio P\u00fablico en el Departamento Judicial Azul<\/strong>. Los delitos cometidos por medios electr\u00f3nicos han aumentado de manera exponencial en los \u00faltimos a\u00f1os en el mundo y su investigaci\u00f3n demanda m\u00e9todos espec\u00edficos.<\/p>\n<p><strong>\u201cMe vengo preparando desde hace mucho tiempo, antes incluso de ser fiscal\u201d<\/strong> le dijo Moyano a<strong> Central de Noticias<\/strong> sobre su labor en la <strong>UFI especializada en Delitos Inform\u00e1ticos<\/strong>. \u201cUna vez que tuve la posibilidad de ser seleccionado como Fiscal, el Fiscal General, doctor Sobrino,<strong> en el a\u00f1o 2018 confi\u00f3 en m\u00ed d\u00e1ndome la competencia y asignando una de las de las primeras fiscal\u00edas del pa\u00eds en lo que tiene que ver ciberdelitos<\/strong>. Tanto delitos contra la infancia como el n\u00facleo que tiene que ver con estafas, defraudaciones, etc\u00e9tera\u201d. Acerca de ese trabajo se\u00f1al\u00f3 que <em>\u201cdesde ese tiempo m\u00e1s o menos estamos trabajando en la tem\u00e1tica y, obviamente, no es solo trabajar sino capacitarse constantemente\u201d.<\/em><\/p>\n<p><img data-recalc-dims=\"1\" loading=\"lazy\" decoding=\"async\" class=\"size-full wp-image-113869 aligncenter\" src=\"https:\/\/i0.wp.com\/cdnoticias.com\/wp-content\/uploads\/2024\/04\/libro-lucas-moyano.jpg?resize=800%2C800&#038;ssl=1\" alt=\"\" width=\"800\" height=\"800\" srcset=\"https:\/\/i0.wp.com\/cdnoticias.com\/wp-content\/uploads\/2024\/04\/libro-lucas-moyano.jpg?w=800&amp;ssl=1 800w, https:\/\/i0.wp.com\/cdnoticias.com\/wp-content\/uploads\/2024\/04\/libro-lucas-moyano.jpg?resize=300%2C300&amp;ssl=1 300w, https:\/\/i0.wp.com\/cdnoticias.com\/wp-content\/uploads\/2024\/04\/libro-lucas-moyano.jpg?resize=150%2C150&amp;ssl=1 150w, https:\/\/i0.wp.com\/cdnoticias.com\/wp-content\/uploads\/2024\/04\/libro-lucas-moyano.jpg?resize=768%2C768&amp;ssl=1 768w\" sizes=\"auto, (max-width: 800px) 100vw, 800px\" \/><\/p>\n<p>Hizo hincapi\u00e9 en que las investigaciones de este tipo de delitos no son iguales a las de casos tradicionales con lo que \u201cse van abriendo fiscal\u00edas en los distintos departamentos judiciales no solamente en lo que tiene que ver la provincia de Buenos Aires sino en el pa\u00eds. Nosotros tenemos el orgullo o el honor de ser una de las primeras del pa\u00eds\u201d.<\/p>\n<blockquote><p>Su experiencia al frente de la UFI la convirti\u00f3 en el libro \u201cCiberdelitos\u201d. \u201cIntent\u00e9 hacer un libro para ayudar a aquel que quiere iniciarse en la investigaci\u00f3n de entornos digitales. Por eso lo pens\u00e9 en t\u00e9rminos sencillos de explicar, que le sirva a un estudiante, le sirva un polic\u00eda, le sirva a un judicial, o aquella persona que le interese ver c\u00f3mo se investiga. Por eso lo que intent\u00e9 es ser pr\u00e1ctico y did\u00e1ctico\u201d resumi\u00f3 sobre el p\u00fablico destinatario de la obra.<\/p><\/blockquote>\n<p>Este es el primer libro escrito por el doctor Moyano.<strong> \u201cFue un sue\u00f1o, fue un libro escrito con esfuerzo.<\/strong> Generalmente lo hac\u00eda despu\u00e9s de las nueve de la noche que era donde m\u00e1s disponibilidad ten\u00eda y segu\u00eda hasta la madrugada. Se ve el libro, pero el esfuerzo que contiene atr\u00e1s es mucho.<strong> Estoy contento con el resultado y con la recepci\u00f3n. Mucha gente me ha apoyado\u201d<\/strong> destac\u00f3 sobre la repercusi\u00f3n.<\/p>\n<p><img data-recalc-dims=\"1\" loading=\"lazy\" decoding=\"async\" class=\"size-full wp-image-114268 aligncenter\" src=\"https:\/\/i0.wp.com\/cdnoticias.com\/wp-content\/uploads\/2024\/04\/lucas-moyano-02.jpg?resize=800%2C445&#038;ssl=1\" alt=\"\" width=\"800\" height=\"445\" srcset=\"https:\/\/i0.wp.com\/cdnoticias.com\/wp-content\/uploads\/2024\/04\/lucas-moyano-02.jpg?w=1000&amp;ssl=1 1000w, https:\/\/i0.wp.com\/cdnoticias.com\/wp-content\/uploads\/2024\/04\/lucas-moyano-02.jpg?resize=300%2C167&amp;ssl=1 300w, https:\/\/i0.wp.com\/cdnoticias.com\/wp-content\/uploads\/2024\/04\/lucas-moyano-02.jpg?resize=768%2C427&amp;ssl=1 768w, https:\/\/i0.wp.com\/cdnoticias.com\/wp-content\/uploads\/2024\/04\/lucas-moyano-02.jpg?resize=800%2C445&amp;ssl=1 800w\" sizes=\"auto, (max-width: 800px) 100vw, 800px\" \/><\/p>\n<p>La edici\u00f3n del libro es parte de las <strong>numerosas actividades de difusi\u00f3n y prevenci\u00f3n que lleva adelante el fiscal Lucas Moyano<\/strong> sobre la tem\u00e1tica de ciberdelitos. En ese sentido, <a href=\"https:\/\/cdnoticias.com\/index.php\/2024\/04\/19\/bomberos-se-llevo-a-cabo-la-charla-sobre-prevencion-de-estafas-virtuales\/\" target=\"_blank\" rel=\"noopener\">la semana pasada brind\u00f3 una charla en la sede del Consejo Profesional de Ciencias Econ\u00f3micas<\/a> que tuvo importante asistencia, donde inform\u00f3 que <strong>diariamente se reciben cinco denuncias por este tipo de hechos en la Fiscal\u00eda a su cargo.<\/strong><\/p>\n<p>Adem\u00e1s, <a href=\"https:\/\/cdnoticias.com\/index.php\/2024\/04\/20\/lucas-moyano-expondra-en-el-congreso-internacional-de-delitos-asistidos-tecnologicamente\/\" target=\"_blank\" rel=\"noopener\">este martes participar\u00e1 de un congreso en CABA<\/a>. <strong>\u201cVoy a estar participando invitado por la Polic\u00eda de la Ciudad de Buenos Aires<\/strong>, es el Congreso Internacional de Delito Asistido Tecnol\u00f3gicamente, hablando de fraudes incrementados por la inteligencia artificial. <strong>Uno trata de compartir la lo que aprendi\u00f3, trata de compartir su experiencia en las investigaciones, con el fin de ayudar porque creo que nos enriquecemos entre todos\u201d<\/strong> cerr\u00f3.<\/p>\n<blockquote class=\"wp-embedded-content\" data-secret=\"JyIUcNCRNh\"><p><a href=\"https:\/\/cdnoticias.com\/index.php\/2024\/04\/20\/lucas-moyano-expondra-en-el-congreso-internacional-de-delitos-asistidos-tecnologicamente\/\">Lucas Moyano expondr\u00e1 en el Congreso Internacional de Delitos Asistidos Tecnol\u00f3gicamente<\/a><\/p><\/blockquote>\n<p><iframe loading=\"lazy\" class=\"wp-embedded-content\" sandbox=\"allow-scripts\" security=\"restricted\" style=\"position: absolute; visibility: hidden;\" title=\"&#8220;Lucas Moyano expondr\u00e1 en el Congreso Internacional de Delitos Asistidos Tecnol\u00f3gicamente&#8221; &#8212; Central de Noticias | Olavarr\u00eda\" src=\"https:\/\/cdnoticias.com\/index.php\/2024\/04\/20\/lucas-moyano-expondra-en-el-congreso-internacional-de-delitos-asistidos-tecnologicamente\/embed\/#?secret=jHGti8mgUL#?secret=JyIUcNCRNh\" data-secret=\"JyIUcNCRNh\" width=\"600\" height=\"338\" frameborder=\"0\" marginwidth=\"0\" marginheight=\"0\" scrolling=\"no\"><\/iframe><\/p>\n","protected":false},"excerpt":{"rendered":"<p>Desde 2018 encabeza la Fiscal\u00eda especializada del Departamento Judicial Azul, una de las primeras del pa\u00eds. \u201cFue un sue\u00f1o, fue<\/p>\n","protected":false},"author":4,"featured_media":114267,"comment_status":"closed","ping_status":"closed","sticky":false,"template":"","format":"standard","meta":{"_jetpack_memberships_contains_paid_content":false,"footnotes":""},"categories":[5,1],"tags":[],"class_list":["post-114264","post","type-post","status-publish","format-standard","has-post-thumbnail","hentry","category-informacion-general","category-portada"],"jetpack_featured_media_url":"https:\/\/i0.wp.com\/cdnoticias.com\/wp-content\/uploads\/2024\/04\/lucas-moyano-01.jpg?fit=1000%2C556&ssl=1","jetpack_sharing_enabled":true,"_links":{"self":[{"href":"https:\/\/cdnoticias.com\/index.php\/wp-json\/wp\/v2\/posts\/114264","targetHints":{"allow":["GET"]}}],"collection":[{"href":"https:\/\/cdnoticias.com\/index.php\/wp-json\/wp\/v2\/posts"}],"about":[{"href":"https:\/\/cdnoticias.com\/index.php\/wp-json\/wp\/v2\/types\/post"}],"author":[{"embeddable":true,"href":"https:\/\/cdnoticias.com\/index.php\/wp-json\/wp\/v2\/users\/4"}],"replies":[{"embeddable":true,"href":"https:\/\/cdnoticias.com\/index.php\/wp-json\/wp\/v2\/comments?post=114264"}],"version-history":[{"count":0,"href":"https:\/\/cdnoticias.com\/index.php\/wp-json\/wp\/v2\/posts\/114264\/revisions"}],"wp:featuredmedia":[{"embeddable":true,"href":"https:\/\/cdnoticias.com\/index.php\/wp-json\/wp\/v2\/media\/114267"}],"wp:attachment":[{"href":"https:\/\/cdnoticias.com\/index.php\/wp-json\/wp\/v2\/media?parent=114264"}],"wp:term":[{"taxonomy":"category","embeddable":true,"href":"https:\/\/cdnoticias.com\/index.php\/wp-json\/wp\/v2\/categories?post=114264"},{"taxonomy":"post_tag","embeddable":true,"href":"https:\/\/cdnoticias.com\/index.php\/wp-json\/wp\/v2\/tags?post=114264"}],"curies":[{"name":"wp","href":"https:\/\/api.w.org\/{rel}","templated":true}]}}