{"id":114247,"date":"2024-04-23T13:11:18","date_gmt":"2024-04-23T16:11:18","guid":{"rendered":"https:\/\/cdnoticias.com\/?p=114247"},"modified":"2024-04-23T13:11:21","modified_gmt":"2024-04-23T16:11:21","slug":"martin-endere-diserto-en-el-primer-encuentro-del-ano-del-instituto-republica","status":"publish","type":"post","link":"https:\/\/cdnoticias.com\/index.php\/2024\/04\/23\/martin-endere-diserto-en-el-primer-encuentro-del-ano-del-instituto-republica\/","title":{"rendered":"Mart\u00edn Endere disert\u00f3 en el primer encuentro del a\u00f1o del Instituto Rep\u00fablica"},"content":{"rendered":"<p>Fue el fin de semana en la localidad bonaerense de Ituzaing\u00f3. El diputado valor\u00f3 \u201cla formaci\u00f3n de los l\u00edderes pol\u00edticos que tengan el compromiso de transformar la realidad\u201d.<!--more--><\/p>\n<hr \/>\n<p>El <strong>diputado provincial Mart\u00edn Endere<\/strong> disert\u00f3 en el <strong>primer encuentro del a\u00f1o del Instituto Rep\u00fablica<\/strong> que se llev\u00f3 a cabo <strong>el fin de semana en la localidad bonaerense de Ituzaing\u00f3.<\/strong><\/p>\n<p>La apertura y bienvenida de la jornada estuvo a cargo del <strong>dirigente pol\u00edtico local Gast\u00f3n Di Castelnuovo<\/strong> y del <strong>presidente del Instituto Rep\u00fablica Jos\u00e9 Luis Acevedo<\/strong>.<\/p>\n<p>Posteriormente, <strong>expuso la Licenciada en Organizaci\u00f3n y Direcci\u00f3n Institucional Judith Cichowolsk<\/strong>i bajo la tem\u00e1tica &#8220;Actualidad y Expectativas 2024&#8221;.<\/p>\n<blockquote><p>Tras un intercambio con los asistentes a la jornada, Mart\u00edn Endere disert\u00f3 sobre la experiencia en el territorio del Instituto Rep\u00fablica durante los a\u00f1os 2022 y 2023. &#8220;Es una muy buena noticia que vuelva a tener presencia el Instituto Rep\u00fablica en el territorio. Soy un convencido de la importancia de la formaci\u00f3n de los l\u00edderes pol\u00edticos que tengan el compromiso de transformar la realidad&#8221;, dijo Endere.<\/p><\/blockquote>\n<p>Adem\u00e1s, el legislador explic\u00f3:<strong> &#8220;tuve la chance de describir la experiencia del Instituto Rep\u00fablica en la s\u00e9ptima secci\u00f3n electoral durante dos a\u00f1os<\/strong> y las capacitaciones que realizamos en diversas \u00e1reas de gobierno que son transversales a todas las gestiones de los municipios&#8221;.<\/p>\n<p>Finalmente, el cierre de la <strong>jornada de debate y reflexi\u00f3n estuvo a cargo del Director General del Instituto Rep\u00fablica David Cohen<\/strong> bajo la consigna &#8220;El desaf\u00edo de construir a futuro&#8221;.<\/p>\n","protected":false},"excerpt":{"rendered":"<p>Fue el fin de semana en la localidad bonaerense de Ituzaing\u00f3. El diputado valor\u00f3 \u201cla formaci\u00f3n de los l\u00edderes pol\u00edticos<\/p>\n","protected":false},"author":4,"featured_media":91962,"comment_status":"closed","ping_status":"closed","sticky":false,"template":"","format":"standard","meta":{"_jetpack_memberships_contains_paid_content":false,"footnotes":""},"categories":[4,1],"tags":[],"class_list":["post-114247","post","type-post","status-publish","format-standard","has-post-thumbnail","hentry","category-politica","category-portada"],"jetpack_featured_media_url":"https:\/\/i0.wp.com\/cdnoticias.com\/wp-content\/uploads\/2023\/08\/endere5.jpg?fit=1072%2C597&ssl=1","jetpack_sharing_enabled":true,"_links":{"self":[{"href":"https:\/\/cdnoticias.com\/index.php\/wp-json\/wp\/v2\/posts\/114247","targetHints":{"allow":["GET"]}}],"collection":[{"href":"https:\/\/cdnoticias.com\/index.php\/wp-json\/wp\/v2\/posts"}],"about":[{"href":"https:\/\/cdnoticias.com\/index.php\/wp-json\/wp\/v2\/types\/post"}],"author":[{"embeddable":true,"href":"https:\/\/cdnoticias.com\/index.php\/wp-json\/wp\/v2\/users\/4"}],"replies":[{"embeddable":true,"href":"https:\/\/cdnoticias.com\/index.php\/wp-json\/wp\/v2\/comments?post=114247"}],"version-history":[{"count":0,"href":"https:\/\/cdnoticias.com\/index.php\/wp-json\/wp\/v2\/posts\/114247\/revisions"}],"wp:featuredmedia":[{"embeddable":true,"href":"https:\/\/cdnoticias.com\/index.php\/wp-json\/wp\/v2\/media\/91962"}],"wp:attachment":[{"href":"https:\/\/cdnoticias.com\/index.php\/wp-json\/wp\/v2\/media?parent=114247"}],"wp:term":[{"taxonomy":"category","embeddable":true,"href":"https:\/\/cdnoticias.com\/index.php\/wp-json\/wp\/v2\/categories?post=114247"},{"taxonomy":"post_tag","embeddable":true,"href":"https:\/\/cdnoticias.com\/index.php\/wp-json\/wp\/v2\/tags?post=114247"}],"curies":[{"name":"wp","href":"https:\/\/api.w.org\/{rel}","templated":true}]}}