{"id":114222,"date":"2024-04-22T11:46:12","date_gmt":"2024-04-22T14:46:12","guid":{"rendered":"https:\/\/cdnoticias.com\/?p=114222"},"modified":"2024-04-22T11:46:14","modified_gmt":"2024-04-22T14:46:14","slug":"el-sindicato-de-trabajadores-municipales-adhiere-y-convoca-a-la-marcha-universitaria","status":"publish","type":"post","link":"https:\/\/cdnoticias.com\/index.php\/2024\/04\/22\/el-sindicato-de-trabajadores-municipales-adhiere-y-convoca-a-la-marcha-universitaria\/","title":{"rendered":"El Sindicato de Trabajadores Municipales adhiere y convoca a la Marcha Universitaria"},"content":{"rendered":"\n<p>\u201cPara el STMO tiene una importancia fundamental la herramienta del conocimiento para la movilidad ascendente\u201d indicaron en un comunicado.<\/p>\n\n\n\n<hr class=\"wp-block-separator aligncenter has-alpha-channel-opacity\"\/>\n\n\n\n<p>La<strong> Comisi\u00f3n Directiva del Sindicato de Trabajadores Municipales invit\u00f3 a sus afiliados y afiliadas a sumarse este martes 23 de abril a la Marcha Nacional Universitaria en Olavarr\u00eda.<\/strong><\/p>\n\n\n\n<p>Mediante un comunicado, el gremio se\u00f1al\u00f3 que<strong> la universidad p\u00fablica <em>\u201ctiene una importancia fundamental la herramienta del conocimiento para la movilidad ascendente\u201d.<\/em><\/strong><\/p>\n\n\n\n<blockquote class=\"wp-block-quote is-layout-flow wp-block-quote-is-layout-flow\">\n<p>\u201cEn defensa de la universidad p\u00fablica, la concentraci\u00f3n se realizar\u00e1 a las 16 horas en el Centro Cultural Universitario de la Unicen ubicado en San Mart\u00edn 1955\u201d.<\/p>\n<\/blockquote>\n\n\n\n<p>Adem\u00e1s, detallaron c\u00f3mo ser\u00e1 el recorrido:<strong> la movilizaci\u00f3n se desarrollar\u00e1 por las calles San Mart\u00edn, Riobamba, Coronel Su\u00e1rez, Vicente L\u00f3pez, Sargento Cabral, Rivadavia, San Mart\u00edn y llegada al Paseo Jes\u00fas Mend\u00eda donde se realizar\u00e1 el acto central.<\/strong><\/p>\n","protected":false},"excerpt":{"rendered":"<p>\u201cPara el STMO tiene una importancia fundamental la herramienta del conocimiento para la movilidad ascendente\u201d indicaron en un comunicado. La<\/p>\n","protected":false},"author":2,"featured_media":107431,"comment_status":"closed","ping_status":"closed","sticky":false,"template":"","format":"standard","meta":{"_jetpack_memberships_contains_paid_content":false,"footnotes":""},"categories":[5,1],"tags":[],"class_list":["post-114222","post","type-post","status-publish","format-standard","has-post-thumbnail","hentry","category-informacion-general","category-portada"],"jetpack_featured_media_url":"https:\/\/i0.wp.com\/cdnoticias.com\/wp-content\/uploads\/2024\/01\/paro-24E-2024-CGT-Ley-Omibus-4.jpg?fit=800%2C448&ssl=1","jetpack_sharing_enabled":true,"_links":{"self":[{"href":"https:\/\/cdnoticias.com\/index.php\/wp-json\/wp\/v2\/posts\/114222","targetHints":{"allow":["GET"]}}],"collection":[{"href":"https:\/\/cdnoticias.com\/index.php\/wp-json\/wp\/v2\/posts"}],"about":[{"href":"https:\/\/cdnoticias.com\/index.php\/wp-json\/wp\/v2\/types\/post"}],"author":[{"embeddable":true,"href":"https:\/\/cdnoticias.com\/index.php\/wp-json\/wp\/v2\/users\/2"}],"replies":[{"embeddable":true,"href":"https:\/\/cdnoticias.com\/index.php\/wp-json\/wp\/v2\/comments?post=114222"}],"version-history":[{"count":0,"href":"https:\/\/cdnoticias.com\/index.php\/wp-json\/wp\/v2\/posts\/114222\/revisions"}],"wp:featuredmedia":[{"embeddable":true,"href":"https:\/\/cdnoticias.com\/index.php\/wp-json\/wp\/v2\/media\/107431"}],"wp:attachment":[{"href":"https:\/\/cdnoticias.com\/index.php\/wp-json\/wp\/v2\/media?parent=114222"}],"wp:term":[{"taxonomy":"category","embeddable":true,"href":"https:\/\/cdnoticias.com\/index.php\/wp-json\/wp\/v2\/categories?post=114222"},{"taxonomy":"post_tag","embeddable":true,"href":"https:\/\/cdnoticias.com\/index.php\/wp-json\/wp\/v2\/tags?post=114222"}],"curies":[{"name":"wp","href":"https:\/\/api.w.org\/{rel}","templated":true}]}}