{"id":114218,"date":"2024-04-22T10:53:50","date_gmt":"2024-04-22T13:53:50","guid":{"rendered":"https:\/\/cdnoticias.com\/?p=114218"},"modified":"2024-04-22T10:53:53","modified_gmt":"2024-04-22T13:53:53","slug":"el-intendente-de-saladillo-se-mostro-con-ezequiel-galli-en-corredores-viales","status":"publish","type":"post","link":"https:\/\/cdnoticias.com\/index.php\/2024\/04\/22\/el-intendente-de-saladillo-se-mostro-con-ezequiel-galli-en-corredores-viales\/","title":{"rendered":"El intendente de Saladillo se mostr\u00f3 con Ezequiel Galli en Corredores Viales"},"content":{"rendered":"\n<p>Fue uno de los primeros encuentros p\u00fablicos donde se vio al ex jefe comunal de Olavarr\u00eda en su nueva funci\u00f3n. Jos\u00e9 Luis Salom\u00f3n dio cuenta de varias obras pendientes, la mayor\u00eda de ellas repavimentaciones de ruta nacional 205.<\/p>\n\n\n\n<hr class=\"wp-block-separator aligncenter has-alpha-channel-opacity\"\/>\n\n\n\n<p>En los \u00faltimos d\u00edas<strong>, el intendente de Saladillo Jos\u00e9 Luis Salom\u00f3n se mostr\u00f3 junto al nuevo gerente de relaciones institucionales de Corredores Viales, el ex jefe comunal Ezequiel Galli, en una de las primeras actividades p\u00fablicas del olavarriense tras su designaci\u00f3n.<\/strong><\/p>\n\n\n\n<p>Fue en una reuni\u00f3n de Corredores Viales para<em><strong> \u201cconversar sobre situaciones en com\u00fan entre la empresa de mantenimiento vial y la ciudad de Saladillo\u201d.<\/strong><\/em><\/p>\n\n\n\n<p>Dialogaron sobre <strong>varios puntos vinculados a obras p\u00fablicas pendiente<\/strong>s, como por ejemplo la repavimentaci\u00f3n de la Ruta Nacional 205 desde Caz\u00f3n hasta Ruta Provincial 51, la construcci\u00f3n de las colectoras desde avenida Frocham hasta Roigt, la rotonda de Ruta Nacional 205 y Avenida Sanguinetti y las repavimentaciones de las colectoras desde Frocham hasta Saavedra.<\/p>\n\n\n\n<figure class=\"wp-block-image size-large\"><img data-recalc-dims=\"1\" loading=\"lazy\" decoding=\"async\" width=\"800\" height=\"534\" src=\"https:\/\/i0.wp.com\/cdnoticias.com\/wp-content\/uploads\/2024\/04\/galli-salomon1.jpg?resize=800%2C534&#038;ssl=1\" alt=\"\" class=\"wp-image-114220\" srcset=\"https:\/\/i0.wp.com\/cdnoticias.com\/wp-content\/uploads\/2024\/04\/galli-salomon1.jpg?resize=1024%2C683&amp;ssl=1 1024w, https:\/\/i0.wp.com\/cdnoticias.com\/wp-content\/uploads\/2024\/04\/galli-salomon1.jpg?resize=300%2C200&amp;ssl=1 300w, https:\/\/i0.wp.com\/cdnoticias.com\/wp-content\/uploads\/2024\/04\/galli-salomon1.jpg?resize=768%2C512&amp;ssl=1 768w, https:\/\/i0.wp.com\/cdnoticias.com\/wp-content\/uploads\/2024\/04\/galli-salomon1.jpg?resize=272%2C182&amp;ssl=1 272w, https:\/\/i0.wp.com\/cdnoticias.com\/wp-content\/uploads\/2024\/04\/galli-salomon1.jpg?w=1392&amp;ssl=1 1392w\" sizes=\"auto, (max-width: 800px) 100vw, 800px\" \/><\/figure>\n\n\n\n<p>Todas ellas<em><strong> \u201cvienen siendo solicitadas desde hace 8 a\u00f1os ya que desde su construcci\u00f3n inicial nunca fueron repavimentadas y el escaso mantenimiento viene siendo aportado en su mayor\u00eda por el estado municipal\u201d.<\/strong><\/em><\/p>\n\n\n\n<p>Tambi\u00e9n se pidi\u00f3 sobre una problem\u00e1tica que se replic\u00f3 en varios puntos del pa\u00eds, entre ellos Olavarr\u00eda, como <strong>el mantenimiento de espacios verdes sobre la traza de la Ruta Nacional 205 con el corte de pastos y limpieza de cunetas.<\/strong><\/p>\n\n\n\n<p>En este encuentro Salom\u00f3n le entreg\u00f3<em> \u201cfotograf\u00edas actuales de la zona\u201d<\/em> y le inform\u00f3 a Galli que en breve<strong> comenzar\u00e1n las obras de iluminaci\u00f3n LED desde avenida Roig hasta el km 179 (actual concesionaria Chevent) a cargo del municipio con proyecto y mano de obra de la Cooperativa El\u00e9ctrica de Saladillo.<\/strong><\/p>\n\n\n\n<p><em><strong>\u201cEl doctor Galli se comprometi\u00f3 a estudiar la situaci\u00f3n general condicionado a tener en cuenta el estado de transici\u00f3n que est\u00e1 resolviendo la empresa\u201d<\/strong><\/em> cerr\u00f3 el comunicado emitido por el Municipio de Saladillo.<\/p>\n","protected":false},"excerpt":{"rendered":"<p>Fue uno de los primeros encuentros p\u00fablicos donde se vio al ex jefe comunal de Olavarr\u00eda en su nueva funci\u00f3n.<\/p>\n","protected":false},"author":2,"featured_media":114219,"comment_status":"closed","ping_status":"closed","sticky":false,"template":"","format":"standard","meta":{"_jetpack_memberships_contains_paid_content":false,"footnotes":""},"categories":[4,1],"tags":[],"class_list":["post-114218","post","type-post","status-publish","format-standard","has-post-thumbnail","hentry","category-politica","category-portada"],"jetpack_featured_media_url":"https:\/\/i0.wp.com\/cdnoticias.com\/wp-content\/uploads\/2024\/04\/galli-salomon.jpg?fit=1392%2C928&ssl=1","jetpack_sharing_enabled":true,"_links":{"self":[{"href":"https:\/\/cdnoticias.com\/index.php\/wp-json\/wp\/v2\/posts\/114218","targetHints":{"allow":["GET"]}}],"collection":[{"href":"https:\/\/cdnoticias.com\/index.php\/wp-json\/wp\/v2\/posts"}],"about":[{"href":"https:\/\/cdnoticias.com\/index.php\/wp-json\/wp\/v2\/types\/post"}],"author":[{"embeddable":true,"href":"https:\/\/cdnoticias.com\/index.php\/wp-json\/wp\/v2\/users\/2"}],"replies":[{"embeddable":true,"href":"https:\/\/cdnoticias.com\/index.php\/wp-json\/wp\/v2\/comments?post=114218"}],"version-history":[{"count":0,"href":"https:\/\/cdnoticias.com\/index.php\/wp-json\/wp\/v2\/posts\/114218\/revisions"}],"wp:featuredmedia":[{"embeddable":true,"href":"https:\/\/cdnoticias.com\/index.php\/wp-json\/wp\/v2\/media\/114219"}],"wp:attachment":[{"href":"https:\/\/cdnoticias.com\/index.php\/wp-json\/wp\/v2\/media?parent=114218"}],"wp:term":[{"taxonomy":"category","embeddable":true,"href":"https:\/\/cdnoticias.com\/index.php\/wp-json\/wp\/v2\/categories?post=114218"},{"taxonomy":"post_tag","embeddable":true,"href":"https:\/\/cdnoticias.com\/index.php\/wp-json\/wp\/v2\/tags?post=114218"}],"curies":[{"name":"wp","href":"https:\/\/api.w.org\/{rel}","templated":true}]}}