{"id":114136,"date":"2024-04-21T09:34:19","date_gmt":"2024-04-21T12:34:19","guid":{"rendered":"https:\/\/cdnoticias.com\/?p=114136"},"modified":"2024-04-21T11:52:12","modified_gmt":"2024-04-21T14:52:12","slug":"adolfo-hector-wagner-chori-q-e-p-d","status":"publish","type":"post","link":"https:\/\/cdnoticias.com\/index.php\/2024\/04\/21\/adolfo-hector-wagner-chori-q-e-p-d\/","title":{"rendered":"Adolfo H\u00e9ctor Wagner \u201cChori\u201d (Q.E.P.D.)"},"content":{"rendered":"\n<p>Falleci\u00f3 en Olavarr\u00eda el 20 de abril de 2024 a los 90 a\u00f1os.<\/p>\n\n\n\n<p>Su esposa Rosa Sosa. Sus hijos Susana, Marisa y Viviana. Su hijo pol\u00edtico Fabi\u00e1n Sus nietos, sus bisnietos. Su hermana. Sus sobrinos y dem\u00e1s deudos participan su fallecimiento.<\/p>\n\n\n\n<p>Velatorio: Espa\u00f1a 2942 departamento &#8220;D&#8221; 20 de abril de 2024 de 22:00 a 00:00. Reabre domingo 21 de 10:00 a 12:00. Responso: Capilla Ardiente. Cremaci\u00f3n: Crematorio Pinos de Paz, lunes 22 de abril a las 17 horas. Servicio adherido a Coopelectric.<\/p>\n\n\n\n<p>Barrio en el que viv\u00eda: Pueblo Nuevo<\/p>\n\n\n\n<p>Lugar de nacimiento: Olavarr\u00eda.<\/p>\n\n\n\n<p>Actividad que desarrollaba: Jubilado de la F\u00e1brica Loma Negra<\/p>\n","protected":false},"excerpt":{"rendered":"<p>Falleci\u00f3 en Olavarr\u00eda el 20 de abril de 2024 a los 90 a\u00f1os. Su esposa Rosa Sosa. Sus hijos Susana,<\/p>\n","protected":false},"author":6,"featured_media":100390,"comment_status":"closed","ping_status":"closed","sticky":false,"template":"","format":"standard","meta":{"_jetpack_memberships_contains_paid_content":false,"footnotes":""},"categories":[10],"tags":[],"class_list":["post-114136","post","type-post","status-publish","format-standard","has-post-thumbnail","hentry","category-necrologicas"],"jetpack_featured_media_url":"https:\/\/i0.wp.com\/cdnoticias.com\/wp-content\/uploads\/2023\/10\/necrologicas-390-x-240.jpg?fit=390%2C240&ssl=1","jetpack_sharing_enabled":true,"_links":{"self":[{"href":"https:\/\/cdnoticias.com\/index.php\/wp-json\/wp\/v2\/posts\/114136","targetHints":{"allow":["GET"]}}],"collection":[{"href":"https:\/\/cdnoticias.com\/index.php\/wp-json\/wp\/v2\/posts"}],"about":[{"href":"https:\/\/cdnoticias.com\/index.php\/wp-json\/wp\/v2\/types\/post"}],"author":[{"embeddable":true,"href":"https:\/\/cdnoticias.com\/index.php\/wp-json\/wp\/v2\/users\/6"}],"replies":[{"embeddable":true,"href":"https:\/\/cdnoticias.com\/index.php\/wp-json\/wp\/v2\/comments?post=114136"}],"version-history":[{"count":0,"href":"https:\/\/cdnoticias.com\/index.php\/wp-json\/wp\/v2\/posts\/114136\/revisions"}],"wp:featuredmedia":[{"embeddable":true,"href":"https:\/\/cdnoticias.com\/index.php\/wp-json\/wp\/v2\/media\/100390"}],"wp:attachment":[{"href":"https:\/\/cdnoticias.com\/index.php\/wp-json\/wp\/v2\/media?parent=114136"}],"wp:term":[{"taxonomy":"category","embeddable":true,"href":"https:\/\/cdnoticias.com\/index.php\/wp-json\/wp\/v2\/categories?post=114136"},{"taxonomy":"post_tag","embeddable":true,"href":"https:\/\/cdnoticias.com\/index.php\/wp-json\/wp\/v2\/tags?post=114136"}],"curies":[{"name":"wp","href":"https:\/\/api.w.org\/{rel}","templated":true}]}}