{"id":11409,"date":"2021-01-14T14:05:52","date_gmt":"2021-01-14T17:05:52","guid":{"rendered":"http:\/\/www.centraldenoticias.com.ar\/?p=11409"},"modified":"2021-01-14T14:42:26","modified_gmt":"2021-01-14T17:42:26","slug":"provincia-destinara-7-millones-de-pesos-para-escuelas-de-la-ciudad","status":"publish","type":"post","link":"https:\/\/cdnoticias.com\/index.php\/2021\/01\/14\/provincia-destinara-7-millones-de-pesos-para-escuelas-de-la-ciudad\/","title":{"rendered":"Provincia destinar\u00e1 7 millones de pesos para escuelas de la ciudad"},"content":{"rendered":"<p>Ser\u00e1 para mobiliario y mantenimiento escolar. As\u00ed lo confirmaron los consejeros escolares del Frente de Todos.<!--more--><\/p>\n<hr \/>\n<p>Desde el bloque de <strong>Consejeros Escolares del Frente de Todos confirmaron este jueves que la Provincia destinar\u00e1 7 millones de pesos para la adquisici\u00f3n y reparaci\u00f3n de mobiliario escolar y mantenimiento de las escuelas de Olavarr\u00eda.<\/strong><\/p>\n<p>&nbsp;<\/p>\n<p>En detalles, se inform\u00f3 que la ciudad obtendr\u00e1 <strong>$3.750.880 para la compra de nuevos bancos, sillas y otros muebles escolares y $234.430 para reparaci\u00f3n.<\/strong><\/p>\n<p>&nbsp;<\/p>\n<blockquote><p>En total el Gobierno de Axel Kicillof destinar\u00e1 la suma de $425.000.000 para toda la provincia de Buenos Aires.<\/p><\/blockquote>\n<p>&nbsp;<\/p>\n<p>A su vez la ciudad tambi\u00e9n recibir\u00e1 para <strong>mantenimiento preventivo de instalaciones de gas, calefactores, pruebas de hermeticidad $1.101.600 y para compra de calefactores nuevos $734.400.<\/strong><\/p>\n<p>&nbsp;<\/p>\n<p>Los consejeros escolares explicaron que el tema del mobiliario es una demanda hist\u00f3rica: <em>\u201csiempre hubo una deuda en ese sentido, por eso es sumamente importante esta inversi\u00f3n, este monto viene a saldar esa deuda y es una gran noticia para todos\u201d.<\/em><\/p>\n<p>&nbsp;<\/p>\n<p>Por \u00faltimo, en concepto de<strong> reparaciones sanitarias menores la provincia destinar\u00e1 a Olavarr\u00eda $1.836.000.<\/strong> En total para el inicio escolar y en el marco de la emergencia por COVID-19 se invertir\u00e1n $7.657.310 en el sistema educativo.<\/p>\n","protected":false},"excerpt":{"rendered":"<p>Ser\u00e1 para mobiliario y mantenimiento escolar. As\u00ed lo confirmaron los consejeros escolares del Frente de Todos.<\/p>\n","protected":false},"author":2,"featured_media":11410,"comment_status":"closed","ping_status":"closed","sticky":false,"template":"","format":"standard","meta":{"_jetpack_memberships_contains_paid_content":false,"footnotes":""},"categories":[5,1],"tags":[],"class_list":["post-11409","post","type-post","status-publish","format-standard","has-post-thumbnail","hentry","category-informacion-general","category-portada"],"jetpack_featured_media_url":"https:\/\/i0.wp.com\/cdnoticias.com\/wp-content\/uploads\/2021\/01\/mobiliario-escolar-provincia.jpg?fit=900%2C450&ssl=1","jetpack_sharing_enabled":true,"_links":{"self":[{"href":"https:\/\/cdnoticias.com\/index.php\/wp-json\/wp\/v2\/posts\/11409","targetHints":{"allow":["GET"]}}],"collection":[{"href":"https:\/\/cdnoticias.com\/index.php\/wp-json\/wp\/v2\/posts"}],"about":[{"href":"https:\/\/cdnoticias.com\/index.php\/wp-json\/wp\/v2\/types\/post"}],"author":[{"embeddable":true,"href":"https:\/\/cdnoticias.com\/index.php\/wp-json\/wp\/v2\/users\/2"}],"replies":[{"embeddable":true,"href":"https:\/\/cdnoticias.com\/index.php\/wp-json\/wp\/v2\/comments?post=11409"}],"version-history":[{"count":0,"href":"https:\/\/cdnoticias.com\/index.php\/wp-json\/wp\/v2\/posts\/11409\/revisions"}],"wp:featuredmedia":[{"embeddable":true,"href":"https:\/\/cdnoticias.com\/index.php\/wp-json\/wp\/v2\/media\/11410"}],"wp:attachment":[{"href":"https:\/\/cdnoticias.com\/index.php\/wp-json\/wp\/v2\/media?parent=11409"}],"wp:term":[{"taxonomy":"category","embeddable":true,"href":"https:\/\/cdnoticias.com\/index.php\/wp-json\/wp\/v2\/categories?post=11409"},{"taxonomy":"post_tag","embeddable":true,"href":"https:\/\/cdnoticias.com\/index.php\/wp-json\/wp\/v2\/tags?post=11409"}],"curies":[{"name":"wp","href":"https:\/\/api.w.org\/{rel}","templated":true}]}}