{"id":114062,"date":"2024-04-19T20:00:22","date_gmt":"2024-04-19T23:00:22","guid":{"rendered":"https:\/\/cdnoticias.com\/?p=114062"},"modified":"2024-04-19T20:00:25","modified_gmt":"2024-04-19T23:00:25","slug":"ciclo-de-charlas-en-coopelectric-la-cabeza-nos-hackea","status":"publish","type":"post","link":"https:\/\/cdnoticias.com\/index.php\/2024\/04\/19\/ciclo-de-charlas-en-coopelectric-la-cabeza-nos-hackea\/","title":{"rendered":"Ciclo de charlas en Coopelectric \u00a0\u201c\u00bfLa cabeza nos hackea?"},"content":{"rendered":"\n<p>Ser\u00e1 el viernes 26 de abril en el Sal\u00f3n Audit\u00f3rium de Coopelectric ubicado en Belgrano 2850, con entrada libre y gratuita.<\/p>\n\n\n\n<hr class=\"wp-block-separator aligncenter has-alpha-channel-opacity\"\/>\n\n\n\n<p>Comienza el <strong>\u201cCiclo de charlas y conferencias<\/strong>\u201d organizado por <strong>Coopelectric<\/strong> para este 2024 y en esta oportunidad, la propuesta destinada a la comunidad llegar\u00e1 de la mano de las <strong>neurociencias.<\/strong><\/p>\n\n\n\n<p><\/p>\n\n\n\n<p>El <strong>viernes 26 de abril,<\/strong> se desarrollar\u00e1 la conferencia <strong><em>\u201c\u00bfLa cabeza nos hackea? Estr\u00e9s, emociones y su impacto en nuestras decisiones<\/em><\/strong>\u201d que ser\u00e1 dictada por la coordinadora cient\u00edfica de la Fundaci\u00f3n INECO, <strong>Mar\u00eda Roca.<\/strong><\/p>\n\n\n\n<p><\/p>\n\n\n\n<p>La charla <strong>tendr\u00e1 lugar a las 19:30 en el Sal\u00f3n Audit\u00f3rium de Coopelectric<\/strong> ubicado en Belgrano 2850, con <strong>entrada libre y gratuita.<\/strong><\/p>\n\n\n\n<p><\/p>\n\n\n\n<p>La doctora en Psicolog\u00eda Mar\u00eda Roca, se especializa en <strong>neuropsicolog\u00eda cl\u00ednica <\/strong>y sus intereses de investigaci\u00f3n se centran en el rol del l\u00f3bulo frontal en diversas funciones cognitivas tales como la Teor\u00eda de la Mente, la toma de decisiones y el multitasking y en el entendimiento de las bases neurales de la inteligencia.<\/p>\n\n\n\n<p><\/p>\n\n\n\n<p>En esa l\u00ednea, abordar\u00e1 el cerebro como nuestro gran capital, c\u00f3mo el estr\u00e9s puede afectar nuestro rendimiento, la importancia de las emociones y su influencia en la toma de decisiones, y finalmente c\u00f3mo utilizar estos conocimientos para potenciar la salud mental y funcionar mejor.<\/p>\n\n\n\n<p><\/p>\n\n\n\n<p><strong>Sobre la Doctora Mar\u00eda Roca<\/strong><\/p>\n\n\n\n<p><\/p>\n\n\n\n<p>Obtuvo sus t\u00edtulos de grado y doctorado con honores. Desde su graduaci\u00f3n se ha dedicado a la Neuropsicolog\u00eda Cl\u00ednica habi\u00e9ndose formado bajo la supervisi\u00f3n del Doctor Facundo Manes y la Licenciada Teresa Torralva.<\/p>\n\n\n\n<p><\/p>\n\n\n\n<p>Desde el a\u00f1o 2005 se desempe\u00f1a como Sub-Directora del Departamento de Neuropsicolog\u00eda de INECO.<\/p>\n\n\n\n<p><\/p>\n\n\n\n<p>Ha publicado m\u00e1s de 60 trabajos de investigaci\u00f3n referentes a la Neuropsicolog\u00eda, todos en revistas con referato internacional, entre las que se encuentran las prestigiosas revistas Brain y Neuropsychologia.<\/p>\n\n\n\n<p><\/p>\n\n\n\n<p>Asimismo, ha participado como revisora en Revistas del \u00e1rea de Neuropsicolog\u00eda y ha evaluado proyectos de investigaci\u00f3n para el departamento administrativo de Ciencia, Tecnolog\u00eda e Innovaci\u00f3n de Colombia (Colciencias).<\/p>\n\n\n\n<p><\/p>\n\n\n\n<p>\u00a0Es co-autora del libro Rehabilitaci\u00f3n Cognitiva y de tres libros de divulgaci\u00f3n de neurociencias para ni\u00f1os.<\/p>\n\n\n\n<p><\/p>\n\n\n\n<p>Actualmente se desempe\u00f1a como Directora de INECO Organizaciones. Es Directora de tres cursos de Posgrado en la Universidad Favaloro y de la materia de Evaluaci\u00f3n Cognitiva en grado en la misma Universidad siendo adem\u00e1s Investigadora Independiente del CONICET.<\/p>\n","protected":false},"excerpt":{"rendered":"<p>Ser\u00e1 el viernes 26 de abril en el Sal\u00f3n Audit\u00f3rium de Coopelectric ubicado en Belgrano 2850, con entrada libre y<\/p>\n","protected":false},"author":6,"featured_media":114064,"comment_status":"closed","ping_status":"closed","sticky":false,"template":"","format":"standard","meta":{"_jetpack_memberships_contains_paid_content":false,"footnotes":""},"categories":[5,1],"tags":[],"class_list":["post-114062","post","type-post","status-publish","format-standard","has-post-thumbnail","hentry","category-informacion-general","category-portada"],"jetpack_featured_media_url":"https:\/\/i0.wp.com\/cdnoticias.com\/wp-content\/uploads\/2024\/04\/coopelectric-charla-neurocienciax.jpg?fit=1000%2C562&ssl=1","jetpack_sharing_enabled":true,"_links":{"self":[{"href":"https:\/\/cdnoticias.com\/index.php\/wp-json\/wp\/v2\/posts\/114062","targetHints":{"allow":["GET"]}}],"collection":[{"href":"https:\/\/cdnoticias.com\/index.php\/wp-json\/wp\/v2\/posts"}],"about":[{"href":"https:\/\/cdnoticias.com\/index.php\/wp-json\/wp\/v2\/types\/post"}],"author":[{"embeddable":true,"href":"https:\/\/cdnoticias.com\/index.php\/wp-json\/wp\/v2\/users\/6"}],"replies":[{"embeddable":true,"href":"https:\/\/cdnoticias.com\/index.php\/wp-json\/wp\/v2\/comments?post=114062"}],"version-history":[{"count":0,"href":"https:\/\/cdnoticias.com\/index.php\/wp-json\/wp\/v2\/posts\/114062\/revisions"}],"wp:featuredmedia":[{"embeddable":true,"href":"https:\/\/cdnoticias.com\/index.php\/wp-json\/wp\/v2\/media\/114064"}],"wp:attachment":[{"href":"https:\/\/cdnoticias.com\/index.php\/wp-json\/wp\/v2\/media?parent=114062"}],"wp:term":[{"taxonomy":"category","embeddable":true,"href":"https:\/\/cdnoticias.com\/index.php\/wp-json\/wp\/v2\/categories?post=114062"},{"taxonomy":"post_tag","embeddable":true,"href":"https:\/\/cdnoticias.com\/index.php\/wp-json\/wp\/v2\/tags?post=114062"}],"curies":[{"name":"wp","href":"https:\/\/api.w.org\/{rel}","templated":true}]}}