{"id":11405,"date":"2021-01-14T13:33:27","date_gmt":"2021-01-14T16:33:27","guid":{"rendered":"http:\/\/www.centraldenoticias.com.ar\/?p=11405"},"modified":"2021-01-14T14:06:02","modified_gmt":"2021-01-14T17:06:02","slug":"reiniciaron-las-obras-en-la-escuela-primaria-n-50","status":"publish","type":"post","link":"https:\/\/cdnoticias.com\/index.php\/2021\/01\/14\/reiniciaron-las-obras-en-la-escuela-primaria-n-50\/","title":{"rendered":"Reiniciaron las obras en la Escuela Primaria N\u00b0 50"},"content":{"rendered":"<p>Fue en la ma\u00f1ana de este jueves. El Intendente Galli recorri\u00f3 las instalaciones. La inversi\u00f3n es cercana a los 17 millones de pesos.<!--more--><\/p>\n<hr \/>\n<p>En la ma\u00f1ana de este jueves,<strong> el intendente Ezequiel Galli visit\u00f3 la Escuela Primaria N\u00ba 50, ubicada en Espa\u00f1a y Mitre, para recorrer el establecimiento donde se reiniciaron las obras<\/strong> con una fuerte inversi\u00f3n.<\/p>\n<p>&nbsp;<\/p>\n<p>Galli fue acompa\u00f1ado por el secretario de Obras P\u00fablicas y Mantenimiento de la Municipalidad, Julio Ferraro, quien indic\u00f3 que los trabajos comenzaron nuevamente hace diez d\u00edas aproximadamente con una <strong>inversi\u00f3n oficial cercana a los 17 millones de pesos.<\/strong><\/p>\n<p>&nbsp;<\/p>\n<p>Al respecto, el Intendente Galli resalt\u00f3 que <em>\u201cpara la gesti\u00f3n municipal es muy importante poder reiniciar este tipo de obras en materia de infraestructura educativa, que tuvimos que frenar por la pandemia\u201d<\/em>.<\/p>\n<p>&nbsp;<\/p>\n<p><img data-recalc-dims=\"1\" loading=\"lazy\" decoding=\"async\" class=\"alignnone size-full wp-image-11406\" src=\"https:\/\/i0.wp.com\/cdnoticias.com\/wp-content\/uploads\/2021\/01\/Obras-Escuela-N%C2%B050-1-scaled.jpg?resize=800%2C535&#038;ssl=1\" alt=\"\" width=\"800\" height=\"535\" srcset=\"https:\/\/i0.wp.com\/cdnoticias.com\/wp-content\/uploads\/2021\/01\/Obras-Escuela-N%C2%B050-1-scaled.jpg?w=2560&amp;ssl=1 2560w, https:\/\/i0.wp.com\/cdnoticias.com\/wp-content\/uploads\/2021\/01\/Obras-Escuela-N%C2%B050-1-scaled.jpg?resize=300%2C201&amp;ssl=1 300w, https:\/\/i0.wp.com\/cdnoticias.com\/wp-content\/uploads\/2021\/01\/Obras-Escuela-N%C2%B050-1-scaled.jpg?resize=768%2C513&amp;ssl=1 768w, https:\/\/i0.wp.com\/cdnoticias.com\/wp-content\/uploads\/2021\/01\/Obras-Escuela-N%C2%B050-1-scaled.jpg?resize=1024%2C684&amp;ssl=1 1024w, https:\/\/i0.wp.com\/cdnoticias.com\/wp-content\/uploads\/2021\/01\/Obras-Escuela-N%C2%B050-1-scaled.jpg?resize=272%2C182&amp;ssl=1 272w, https:\/\/i0.wp.com\/cdnoticias.com\/wp-content\/uploads\/2021\/01\/Obras-Escuela-N%C2%B050-1-scaled.jpg?w=1600&amp;ssl=1 1600w, https:\/\/i0.wp.com\/cdnoticias.com\/wp-content\/uploads\/2021\/01\/Obras-Escuela-N%C2%B050-1-scaled.jpg?w=2400&amp;ssl=1 2400w\" sizes=\"auto, (max-width: 800px) 100vw, 800px\" \/><\/p>\n<p>&nbsp;<\/p>\n<p>Al mismo tiempo, agreg\u00f3 que <strong><em>\u201cson obras fundamentales, para que cuando los chicos vuelvan a las aulas lo hagan con todas las condiciones de infraestructura adecuadas y adem\u00e1s contemplando las medidas y protocolos sanitarios, para reencontrase con sus amigos y docentes\u201d.<\/em><\/strong><\/p>\n<p>&nbsp;<\/p>\n<p>Por otra parte Galli se\u00f1al\u00f3 que <em>\u201ccomo equipo siempre trabajamos fuertemente en este objetivo: es primordial que no haya m\u00e1s escuelas con asbesto ni letrinas\u201d.<\/em><\/p>\n<p>&nbsp;<\/p>\n<p><span style=\"text-decoration: underline;\"><strong>C\u00f3mo es la obra<\/strong><\/span><\/p>\n<p>&nbsp;<\/p>\n<p>En una primera etapa, <strong>la obra comprende el retiro completo del techo de fibrocemento (asbesto) y el reemplazo por uno totalmente nuevo de chapa acanalada.<\/strong><\/p>\n<p>&nbsp;<\/p>\n<p>Otra de las reformas importantes es el <strong>sector de ba\u00f1os de la escuela<\/strong>, que se encontraban en desuso y p\u00e9simas condiciones, por lo que se llevar\u00e1 a cabo la reforma completa en los sanitarios, en instalaciones, ca\u00f1er\u00edas, artefactos, divisiones interiores, terminaciones, grifer\u00edas y suministro de agua.<\/p>\n<p>&nbsp;<\/p>\n<p>Adem\u00e1s se realizar\u00e1 un <strong>nuevo acceso al patio, con la demolici\u00f3n de la oficina pedag\u00f3gica<\/strong>, que ser\u00e1 reubicada y pasar\u00e1 a formar parte de la ampliaci\u00f3n, al igual que la cocina y el gabinete. En tanto que la superficie donde se encuentra la cocina (junto con la bater\u00eda de ba\u00f1os) ser\u00e1 destinada para construir un ba\u00f1o para personas con movilidad reducida.<\/p>\n<p>&nbsp;<\/p>\n<p>Por otra parte,<strong> el espacio que ocupaba el gabinete, el kiosco y el dep\u00f3sito, ser\u00e1 cedido al taller de pl\u00e1stica.<\/strong> Adem\u00e1s a este \u00faltimo se le agregar\u00e1 una mesada y dos piletas para poder ser utilizado tambi\u00e9n como laboratorio.<\/p>\n<p>&nbsp;<\/p>\n<blockquote><p>En la ampliaci\u00f3n se incluyen adem\u00e1s un ba\u00f1o para docentes, un dep\u00f3sito de cocina, porter\u00eda y kiosco.<\/p><\/blockquote>\n<p>&nbsp;<\/p>\n<p>En el marco de la obra,<strong> se instalar\u00e1 un nuevo tablero el\u00e9ctrico<\/strong>, medidor con conexi\u00f3n trif\u00e1sica, tomas, corrientes y artefactos de iluminaci\u00f3n led e iluminaci\u00f3n exterior. El proyecto contempla adem\u00e1s la colocaci\u00f3n de nuevas aberturas y las tareas de pintura, que incluyen la totalidad de la escuela.<\/p>\n","protected":false},"excerpt":{"rendered":"<p>Fue en la ma\u00f1ana de este jueves. El Intendente Galli recorri\u00f3 las instalaciones. La inversi\u00f3n es cercana a los 17<\/p>\n","protected":false},"author":2,"featured_media":11407,"comment_status":"closed","ping_status":"closed","sticky":false,"template":"","format":"standard","meta":{"_jetpack_memberships_contains_paid_content":false,"footnotes":""},"categories":[5,1],"tags":[],"class_list":["post-11405","post","type-post","status-publish","format-standard","has-post-thumbnail","hentry","category-informacion-general","category-portada"],"jetpack_featured_media_url":"https:\/\/i0.wp.com\/cdnoticias.com\/wp-content\/uploads\/2021\/01\/Obras-Escuela-N%C2%B050-2-scaled.jpg?fit=2560%2C1711&ssl=1","jetpack_sharing_enabled":true,"_links":{"self":[{"href":"https:\/\/cdnoticias.com\/index.php\/wp-json\/wp\/v2\/posts\/11405","targetHints":{"allow":["GET"]}}],"collection":[{"href":"https:\/\/cdnoticias.com\/index.php\/wp-json\/wp\/v2\/posts"}],"about":[{"href":"https:\/\/cdnoticias.com\/index.php\/wp-json\/wp\/v2\/types\/post"}],"author":[{"embeddable":true,"href":"https:\/\/cdnoticias.com\/index.php\/wp-json\/wp\/v2\/users\/2"}],"replies":[{"embeddable":true,"href":"https:\/\/cdnoticias.com\/index.php\/wp-json\/wp\/v2\/comments?post=11405"}],"version-history":[{"count":0,"href":"https:\/\/cdnoticias.com\/index.php\/wp-json\/wp\/v2\/posts\/11405\/revisions"}],"wp:featuredmedia":[{"embeddable":true,"href":"https:\/\/cdnoticias.com\/index.php\/wp-json\/wp\/v2\/media\/11407"}],"wp:attachment":[{"href":"https:\/\/cdnoticias.com\/index.php\/wp-json\/wp\/v2\/media?parent=11405"}],"wp:term":[{"taxonomy":"category","embeddable":true,"href":"https:\/\/cdnoticias.com\/index.php\/wp-json\/wp\/v2\/categories?post=11405"},{"taxonomy":"post_tag","embeddable":true,"href":"https:\/\/cdnoticias.com\/index.php\/wp-json\/wp\/v2\/tags?post=11405"}],"curies":[{"name":"wp","href":"https:\/\/api.w.org\/{rel}","templated":true}]}}