{"id":11403,"date":"2021-01-14T15:26:34","date_gmt":"2021-01-14T18:26:34","guid":{"rendered":"http:\/\/www.centraldenoticias.com.ar\/?p=11403"},"modified":"2021-01-14T15:26:34","modified_gmt":"2021-01-14T18:26:34","slug":"clases-kicillof-condiciono-la-presencialidad-a-bajar-los-contagios","status":"publish","type":"post","link":"https:\/\/cdnoticias.com\/index.php\/2021\/01\/14\/clases-kicillof-condiciono-la-presencialidad-a-bajar-los-contagios\/","title":{"rendered":"Clases: Kicillof condicion\u00f3 la presencialidad a bajar los contagios"},"content":{"rendered":"<p>Tras los dichos del ministro de Educaci\u00f3n, el gobernador dijo que &#8220;si queremos volver a las clases hay que bajar los casos&#8221;.<!--more--><\/p>\n<hr \/>\n<p><strong>El gobernador bonaerense Axel Kicillof, condicion\u00f3 el retorno de las clases presenciales en la provincia al \u00e9xito de la estrategia sanitaria para bajar los contagios de coronavirus<\/strong>, que este mi\u00e9rcoles sumaron 4.859 en territorio bonaerense.<\/p>\n<p><strong>\u201cSi queremos volver a las clases hay que bajar los casos\u201d<\/strong>, dijo Kicillof en una entrevista con la se\u00f1al C5N, el mismo d\u00eda en que el ministro de Educaci\u00f3n, Nicol\u00e1s Trotta, deleg\u00f3 en las provincias la decisi\u00f3n final sobre c\u00f3mo arrancar\u00e1 el ciclo lectivo el 1 de marzo.<\/p>\n<p>\u201cTenemos muchas ganas de volver a la presencialidad, much\u00edsimas ganas, siempre y cuando eso <strong>no ponga en riesgo a los chicos, las chicas, los maestros y maestras y a sus familias<\/strong>\u201d, afirm\u00f3 el gobernador, quien expuso que <strong>&#8220;tenemos 3.300.000 alumnos en la primaria y secundaria, es m\u00e1s que toda la poblaci\u00f3n de la Ciudad de Buenos Aires y es una movilizaci\u00f3n enorme\u201d<\/strong>, expuso para graficar los n\u00fameros que representa el retorno del alumnado a los establecimientos educativos.<\/p>\n<blockquote><p>\u201cQueremos volver a la presencialidad y estamos prepar\u00e1ndonos\u201d, reiter\u00f3 el funcionario y a\u00f1adi\u00f3 que \u201ces un tema muy delicado porque implica exponer a los chicos a la enfermedad\u201d.<\/p><\/blockquote>\n<p>Consultado sobre el aumento de contagiados, consider\u00f3 que uno de los factores de incidencia fue la <strong>relajaci\u00f3n social \u201cen el \u00faltimo mes\u201d<\/strong> y resalt\u00f3 que \u201cen coincidencia con las fiestas de fin de a\u00f1o empez\u00f3 a haber un incremento muy fuerte de casos\u201d.<\/p>\n<p><strong>M\u00e1s m\u00fasculo<\/strong><\/p>\n<p>En esa l\u00ednea, Kicillof sostuvo que<strong> \u201chay que volver a tensar el m\u00fasculo de cuidados en todos los grupos etarios\u201d<\/strong> ante el alza de casos de coronavirus en la provincia, a la vez que consider\u00f3 \u201cfundamental\u201d que se apliquen en todo el territorio las medidas de prevenci\u00f3n vigentes.<\/p>\n<p>\u201cLo que hice sistem\u00e1ticamente en la provincia fue que, cuando subieron los contagios, <strong>se avanz\u00f3 en restricciones<\/strong>\u201d, plante\u00f3 Kicillof, consultado sobre si su administraci\u00f3n podr\u00eda tomar nuevas medidas para garantizar el distanciamiento social.<\/p>\n<p>Si bien resalt\u00f3 que en la costa atl\u00e1ntica \u201cse cumple much\u00edsimo\u201d con los protocolos, Kicillof se\u00f1al\u00f3 que \u201ctambi\u00e9n est\u00e1n los que incumplen\u201d.<\/p>\n<p>\u201cHay una parte que tiene que ver con las conductas individuales\u201d, reflexion\u00f3, y a\u00f1adi\u00f3: \u201cNo soy partidario de hacer llamamientos, porque hay cosas que hay que restringir desde lo p\u00fablico, pero es fundamental que las medidas de prevenci\u00f3n se apliquen\u201d.<\/p>\n<p>Kicillof atribuy\u00f3 tambi\u00e9n la relajaci\u00f3n social en los cuidados a que \u201ccuando se empez\u00f3 a hablar de la vacuna\u201d Sputnik V, \u201calgunos dijeron \u2018se acab\u00f3 el coronavirus&#8217;\u201d. \u201cPero <strong>la vacuna no es un remedio,<\/strong> previene la enfermedad y la infecci\u00f3n\u201d, insisti\u00f3 el gobernador bonaerense.<\/p>\n<p><em>Fuente: Agencia DIB<\/em><\/p>\n","protected":false},"excerpt":{"rendered":"<p>Tras los dichos del ministro de Educaci\u00f3n, el gobernador dijo que &#8220;si queremos volver a las clases hay que bajar<\/p>\n","protected":false},"author":4,"featured_media":8444,"comment_status":"closed","ping_status":"closed","sticky":false,"template":"","format":"standard","meta":{"_jetpack_memberships_contains_paid_content":false,"footnotes":""},"categories":[6,1],"tags":[],"class_list":["post-11403","post","type-post","status-publish","format-standard","has-post-thumbnail","hentry","category-nacionales","category-portada"],"jetpack_featured_media_url":"https:\/\/i0.wp.com\/cdnoticias.com\/wp-content\/uploads\/2020\/12\/axel-kicillof-olivos.jpg?fit=829%2C466&ssl=1","jetpack_sharing_enabled":true,"_links":{"self":[{"href":"https:\/\/cdnoticias.com\/index.php\/wp-json\/wp\/v2\/posts\/11403","targetHints":{"allow":["GET"]}}],"collection":[{"href":"https:\/\/cdnoticias.com\/index.php\/wp-json\/wp\/v2\/posts"}],"about":[{"href":"https:\/\/cdnoticias.com\/index.php\/wp-json\/wp\/v2\/types\/post"}],"author":[{"embeddable":true,"href":"https:\/\/cdnoticias.com\/index.php\/wp-json\/wp\/v2\/users\/4"}],"replies":[{"embeddable":true,"href":"https:\/\/cdnoticias.com\/index.php\/wp-json\/wp\/v2\/comments?post=11403"}],"version-history":[{"count":0,"href":"https:\/\/cdnoticias.com\/index.php\/wp-json\/wp\/v2\/posts\/11403\/revisions"}],"wp:featuredmedia":[{"embeddable":true,"href":"https:\/\/cdnoticias.com\/index.php\/wp-json\/wp\/v2\/media\/8444"}],"wp:attachment":[{"href":"https:\/\/cdnoticias.com\/index.php\/wp-json\/wp\/v2\/media?parent=11403"}],"wp:term":[{"taxonomy":"category","embeddable":true,"href":"https:\/\/cdnoticias.com\/index.php\/wp-json\/wp\/v2\/categories?post=11403"},{"taxonomy":"post_tag","embeddable":true,"href":"https:\/\/cdnoticias.com\/index.php\/wp-json\/wp\/v2\/tags?post=11403"}],"curies":[{"name":"wp","href":"https:\/\/api.w.org\/{rel}","templated":true}]}}