{"id":114015,"date":"2024-04-19T13:16:40","date_gmt":"2024-04-19T16:16:40","guid":{"rendered":"https:\/\/cdnoticias.com\/?p=114015"},"modified":"2024-04-19T16:31:22","modified_gmt":"2024-04-19T19:31:22","slug":"nicolas-kreplak-en-olavarria-la-planificacion-del-sistema-de-salud-en-la-region-sanitaria-ix","status":"publish","type":"post","link":"https:\/\/cdnoticias.com\/index.php\/2024\/04\/19\/nicolas-kreplak-en-olavarria-la-planificacion-del-sistema-de-salud-en-la-region-sanitaria-ix\/","title":{"rendered":"Nicol\u00e1s Kreplak en Olavarr\u00eda: la planificaci\u00f3n del sistema de salud en la Regi\u00f3n Sanitaria IX"},"content":{"rendered":"<p>Financiamiento de los servicios ante la crisis econ\u00f3mica, redes de atenci\u00f3n y digitalizaci\u00f3n fueron los ejes de debate. El dengue \u201cno es el principal problema ahora\u201d dijo.<!--more--><\/p>\n<hr \/>\n<p>Este viernes<strong> estuvo en Olavarr\u00eda<\/strong> el<strong> ministro de Salud de la provincia de Buenos Aires, Nicol\u00e1s Kreplak<\/strong>, quien particip\u00f3 de la <strong>apertura del Pre Congreso de Salud Provincial<\/strong> con la participaci\u00f3n de representantes de todos los <strong>municipios que componen la Regi\u00f3n Sanitaria IX.<\/strong><\/p>\n<p>El funcionario lleg\u00f3 poco despu\u00e9s de las 9 al Centro de Convenciones local donde mantuvo inicialmente una<strong> reuni\u00f3n con los intendentes y secretarios de salud<\/strong> presentes y despu\u00e9s brind\u00f3 una <strong>entrevista<\/strong> para los medios locales presentes.<\/p>\n<blockquote><p>Kreplak destac\u00f3 que Olavarr\u00eda volvi\u00f3 a participar del Pre Congreso y agradeci\u00f3 a Maximiliano Wesner. \u201cEs muy importante que Olavarr\u00eda, con la densidad pol\u00edtico sanitaria que tiene para esta regi\u00f3n, sea la cabecera de este encuentro. El pueblo de la provincia necesita a Olavarr\u00eda integrada, Olavarr\u00eda pensando en toda la provincia\u201d dijo.<\/p><\/blockquote>\n<p>El ministro se\u00f1al\u00f3 que la actividad programada ten\u00eda como <strong>objetivo \u201ctrabajar la regi\u00f3n centro para pensar c\u00f3mo venimos del sistema de salud, hacer la evaluaci\u00f3n del primer a\u00f1o del plan quinquenal y de este tiempo de gesti\u00f3n y tambi\u00e9n la planificaci\u00f3n de lo que viene\u201d<\/strong>. De esa manera adelant\u00f3 que, tras la apertura formal del Pre Congreso, se desarrollar\u00edan reuniones de debate con los secretarios de salud de los municipios y los trabajadores.<\/p>\n<p><img data-recalc-dims=\"1\" loading=\"lazy\" decoding=\"async\" class=\"size-full wp-image-114023 aligncenter\" src=\"https:\/\/i0.wp.com\/cdnoticias.com\/wp-content\/uploads\/2024\/04\/kreplak-pre-congreso-de-salud-03.jpg?resize=800%2C445&#038;ssl=1\" alt=\"\" width=\"800\" height=\"445\" srcset=\"https:\/\/i0.wp.com\/cdnoticias.com\/wp-content\/uploads\/2024\/04\/kreplak-pre-congreso-de-salud-03.jpg?w=1000&amp;ssl=1 1000w, https:\/\/i0.wp.com\/cdnoticias.com\/wp-content\/uploads\/2024\/04\/kreplak-pre-congreso-de-salud-03.jpg?resize=300%2C167&amp;ssl=1 300w, https:\/\/i0.wp.com\/cdnoticias.com\/wp-content\/uploads\/2024\/04\/kreplak-pre-congreso-de-salud-03.jpg?resize=768%2C427&amp;ssl=1 768w, https:\/\/i0.wp.com\/cdnoticias.com\/wp-content\/uploads\/2024\/04\/kreplak-pre-congreso-de-salud-03.jpg?resize=800%2C445&amp;ssl=1 800w\" sizes=\"auto, (max-width: 800px) 100vw, 800px\" \/><\/p>\n<p>Del encuentro <strong>surgir\u00e1n \u201cel diagn\u00f3stico y los problemas que tenemos que salir a resolver.<\/strong> Esto se unifica en toda la provincia de Buenos Aires y vamos al Congreso de Salud en el Consejo Provincial a sacar el <strong>documento que nos d\u00e9 el lineamiento pol\u00edtico de todo el a\u00f1o\u201d<\/strong>. Kreplak hizo hincapi\u00e9 en la labor con \u201cmucha planificaci\u00f3n\u201d dentro del \u00e1mbito de la salud, <em>\u201cse toman decisiones que son dif\u00edciles de elaborar y se trabajan durante much\u00edsimos meses o a\u00f1os para llegar a ese resultado\u201d.<\/em> El Congreso de Salud Provincial (Cosapro) se realizar\u00e1 el 3 de mayo.<\/p>\n<p>A fin de avanzar en definir los lineamientos, en Olavarr\u00eda se avanz\u00f3 en tres ejes:<strong> financiamiento, redes de atenci\u00f3n y digitalizaci\u00f3n.<\/strong><\/p>\n<p><em>\u201cPrimero tenemos que decir qu\u00e9 es lo que queremos para despu\u00e9s hacer las inversiones, comprar equipamiento y llegar con la tecnolog\u00eda necesaria<\/em> en funci\u00f3n de cu\u00e1l es el diagn\u00f3stico. Ese es el trabajo que venimos haciendo del plan quinquenal\u201d advirti\u00f3 el ministro antes de presentar los ejes de discusi\u00f3n.<\/p>\n<blockquote><p>\u201cEl financiamiento del sistema de salud ante una crisis econ\u00f3mica muy grande. C\u00f3mo fortalecemos el sistema de financiamiento, el recupero de la seguridad social que cubre el 65% de la poblaci\u00f3n de la provincia de Buenos Aires, pero en un territorio donde la atenci\u00f3n es mayoritariamente p\u00fablica. Entonces tambi\u00e9n tenemos que mejorar el financiamiento\u201d present\u00f3 el primero.<\/p><\/blockquote>\n<p>Y sigui\u00f3, <strong>\u201cel establecimiento de las redes para lograr que en esta regi\u00f3n sanitaria podamos atender sin necesidad de derivar tanto hacia el Conurbano<\/strong>, gestiones que generan m\u00e1s problemas para la poblaci\u00f3n. Y<strong> la digitalizaci\u00f3n, la informatizaci\u00f3n de todo el sistema<\/strong> que es una forma de optimizar todos los recursos, armar la red\u201d.<\/p>\n<p><img data-recalc-dims=\"1\" loading=\"lazy\" decoding=\"async\" class=\"size-full wp-image-114022 aligncenter\" src=\"https:\/\/i0.wp.com\/cdnoticias.com\/wp-content\/uploads\/2024\/04\/kreplak-pre-congreso-de-salud-02.jpg?resize=800%2C445&#038;ssl=1\" alt=\"\" width=\"800\" height=\"445\" srcset=\"https:\/\/i0.wp.com\/cdnoticias.com\/wp-content\/uploads\/2024\/04\/kreplak-pre-congreso-de-salud-02.jpg?w=1000&amp;ssl=1 1000w, https:\/\/i0.wp.com\/cdnoticias.com\/wp-content\/uploads\/2024\/04\/kreplak-pre-congreso-de-salud-02.jpg?resize=300%2C167&amp;ssl=1 300w, https:\/\/i0.wp.com\/cdnoticias.com\/wp-content\/uploads\/2024\/04\/kreplak-pre-congreso-de-salud-02.jpg?resize=768%2C427&amp;ssl=1 768w, https:\/\/i0.wp.com\/cdnoticias.com\/wp-content\/uploads\/2024\/04\/kreplak-pre-congreso-de-salud-02.jpg?resize=800%2C445&amp;ssl=1 800w\" sizes=\"auto, (max-width: 800px) 100vw, 800px\" \/><\/p>\n<h2>Modelo de cuidados progresivos<\/h2>\n<p>Acerca de la <strong>digitalizaci\u00f3n de los algunos servicios del \u00e1rea salud<\/strong> fue consultado <strong>el intendente Maximiliano Wesner<\/strong> quien inform\u00f3 que <strong>\u201chace muy poquito\u201d mantuvo una reuni\u00f3n con Kreplak.<\/strong> \u201cEl agradecimiento a Nicol\u00e1s que haya venido despu\u00e9s de esa charla. <strong>Es uno de los tantos temas que estamos trabajando y en este nuevo modelo de cuidados progresivos que estamos implementando en Olavarr\u00eda\u201d<\/strong> expuso.<\/p>\n<p>El jefe comunal defini\u00f3 como \u201cfundamental\u201d para la gesti\u00f3n local de salud \u201cpoder <strong>organizar un sistema de turnos<\/strong> que permita un buen puente, bien cercano con los olavarrienses, <strong>manifestar esa cercan\u00eda que transmit\u00ed el a\u00f1o pasado<\/strong> en cada conferencia, encuentro con todos los vecinos, poner a disposici\u00f3n esa <strong>articulaci\u00f3n de la historia cl\u00ednica digital<\/strong> pero tambi\u00e9n de un sistema de turnos, una oferta de turnos, que los vecinos sientan que pueden ser atendidos por nuestro hospital o CAPS, <strong>la descentralizaci\u00f3n<\/strong> que estamos haciendo en cada uno de ellos y este modelo que estamos implementando\u201d.<\/p>\n<p><img data-recalc-dims=\"1\" loading=\"lazy\" decoding=\"async\" class=\"size-full wp-image-114020 aligncenter\" src=\"https:\/\/i0.wp.com\/cdnoticias.com\/wp-content\/uploads\/2024\/04\/kreplak-pre-congreso-de-salud-00.jpg?resize=800%2C445&#038;ssl=1\" alt=\"\" width=\"800\" height=\"445\" srcset=\"https:\/\/i0.wp.com\/cdnoticias.com\/wp-content\/uploads\/2024\/04\/kreplak-pre-congreso-de-salud-00.jpg?w=1000&amp;ssl=1 1000w, https:\/\/i0.wp.com\/cdnoticias.com\/wp-content\/uploads\/2024\/04\/kreplak-pre-congreso-de-salud-00.jpg?resize=300%2C167&amp;ssl=1 300w, https:\/\/i0.wp.com\/cdnoticias.com\/wp-content\/uploads\/2024\/04\/kreplak-pre-congreso-de-salud-00.jpg?resize=768%2C427&amp;ssl=1 768w, https:\/\/i0.wp.com\/cdnoticias.com\/wp-content\/uploads\/2024\/04\/kreplak-pre-congreso-de-salud-00.jpg?resize=800%2C445&amp;ssl=1 800w\" sizes=\"auto, (max-width: 800px) 100vw, 800px\" \/><\/p>\n<h2>Dengue: \u201cno es el principal problema ahora\u201d<\/h2>\n<blockquote><p>Nicol\u00e1s Kreplak tambi\u00e9n fue consultado por la epidemia de dengue en el \u00e1mbito provincial. \u201cNos encontramos en una cuarta semana de ca\u00edda de casos\u201d destac\u00f3 para se\u00f1alar que se espera un \u201crepique chiquito\u201d en el conurbano por el aumento de temperaturas de estos d\u00edas, \u201cpero no ser\u00e1 un problema como fue en el mes de marzo. As\u00ed que eso no es el principal problema ahora\u201d subray\u00f3.<\/p><\/blockquote>\n<p>El ministro de Salud mostr\u00f3 que la atenci\u00f3n ya est\u00e1 en la prevenci\u00f3n para 2025:<strong> \u201clo que hay que hacer es trabajar m\u00e1s a nivel nacional que provincial<\/strong>, c\u00f3mo logramos hacer que durante el invierno no haya dengue en el norte argentino as\u00ed el a\u00f1o pr\u00f3ximo la epidemia de casos es mucho m\u00e1s chica\u201d.<\/p>\n<p>\u201cYo creo que <strong>hay una responsabilidad muy grande nacional<\/strong>, va a ser un trabajo federal fuerte, serio y responsable\u201d asegur\u00f3.<\/p>\n<blockquote class=\"wp-embedded-content\" data-secret=\"oTYp0OlRLi\"><p><a href=\"https:\/\/cdnoticias.com\/index.php\/2024\/04\/19\/olavarria-fue-sede-este-viernes-del-pre-congreso-provincial-de-salud\/\">Olavarr\u00eda fue sede este viernes del Pre Congreso Provincial de Salud<\/a><\/p><\/blockquote>\n<p><iframe loading=\"lazy\" class=\"wp-embedded-content\" sandbox=\"allow-scripts\" security=\"restricted\" style=\"position: absolute; clip: rect(1px, 1px, 1px, 1px);\" title=\"&#8220;Olavarr\u00eda fue sede este viernes del Pre Congreso Provincial de Salud&#8221; &#8212; Central de Noticias | Olavarr\u00eda\" src=\"https:\/\/cdnoticias.com\/index.php\/2024\/04\/19\/olavarria-fue-sede-este-viernes-del-pre-congreso-provincial-de-salud\/embed\/#?secret=dT9TvOybTT#?secret=oTYp0OlRLi\" data-secret=\"oTYp0OlRLi\" width=\"600\" height=\"338\" frameborder=\"0\" marginwidth=\"0\" marginheight=\"0\" scrolling=\"no\"><\/iframe><\/p>\n","protected":false},"excerpt":{"rendered":"<p>Financiamiento de los servicios ante la crisis econ\u00f3mica, redes de atenci\u00f3n y digitalizaci\u00f3n fueron los ejes de debate. El dengue<\/p>\n","protected":false},"author":4,"featured_media":114021,"comment_status":"closed","ping_status":"closed","sticky":false,"template":"","format":"standard","meta":{"_jetpack_memberships_contains_paid_content":false,"footnotes":""},"categories":[5,1],"tags":[],"class_list":["post-114015","post","type-post","status-publish","format-standard","has-post-thumbnail","hentry","category-informacion-general","category-portada"],"jetpack_featured_media_url":"https:\/\/i0.wp.com\/cdnoticias.com\/wp-content\/uploads\/2024\/04\/kreplak-pre-congreso-de-salud-01.jpg?fit=1000%2C556&ssl=1","jetpack_sharing_enabled":true,"_links":{"self":[{"href":"https:\/\/cdnoticias.com\/index.php\/wp-json\/wp\/v2\/posts\/114015","targetHints":{"allow":["GET"]}}],"collection":[{"href":"https:\/\/cdnoticias.com\/index.php\/wp-json\/wp\/v2\/posts"}],"about":[{"href":"https:\/\/cdnoticias.com\/index.php\/wp-json\/wp\/v2\/types\/post"}],"author":[{"embeddable":true,"href":"https:\/\/cdnoticias.com\/index.php\/wp-json\/wp\/v2\/users\/4"}],"replies":[{"embeddable":true,"href":"https:\/\/cdnoticias.com\/index.php\/wp-json\/wp\/v2\/comments?post=114015"}],"version-history":[{"count":0,"href":"https:\/\/cdnoticias.com\/index.php\/wp-json\/wp\/v2\/posts\/114015\/revisions"}],"wp:featuredmedia":[{"embeddable":true,"href":"https:\/\/cdnoticias.com\/index.php\/wp-json\/wp\/v2\/media\/114021"}],"wp:attachment":[{"href":"https:\/\/cdnoticias.com\/index.php\/wp-json\/wp\/v2\/media?parent=114015"}],"wp:term":[{"taxonomy":"category","embeddable":true,"href":"https:\/\/cdnoticias.com\/index.php\/wp-json\/wp\/v2\/categories?post=114015"},{"taxonomy":"post_tag","embeddable":true,"href":"https:\/\/cdnoticias.com\/index.php\/wp-json\/wp\/v2\/tags?post=114015"}],"curies":[{"name":"wp","href":"https:\/\/api.w.org\/{rel}","templated":true}]}}