{"id":113970,"date":"2024-04-19T17:33:25","date_gmt":"2024-04-19T20:33:25","guid":{"rendered":"https:\/\/cdnoticias.com\/?p=113970"},"modified":"2024-04-19T17:33:27","modified_gmt":"2024-04-19T20:33:27","slug":"taller-de-arte-infantil-en-la-biblioteca-popular-armando-collinet","status":"publish","type":"post","link":"https:\/\/cdnoticias.com\/index.php\/2024\/04\/19\/taller-de-arte-infantil-en-la-biblioteca-popular-armando-collinet\/","title":{"rendered":"Taller de Arte Infantil en la Biblioteca Popular Armando Collinet"},"content":{"rendered":"\n<p>Se desarrollar\u00e1 durante los meses de mayo a julio y estar\u00e1 destinado a ni\u00f1as y ni\u00f1os de 3 a 7 a\u00f1os.<\/p>\n\n\n\n<hr class=\"wp-block-separator aligncenter has-alpha-channel-opacity\"\/>\n\n\n\n<p>La <strong>Biblioteca Popular Armando Collinet<\/strong> brindar\u00e1 un <strong>Taller de Arte Infantil,<\/strong> destinado a <strong>ni\u00f1as y ni\u00f1os de 3 a 7 a\u00f1os.<\/strong><\/p>\n\n\n\n<p><\/p>\n\n\n\n<p>Las clases comenzar\u00e1n el <strong>viernes 3 de mayo de 16:00 a 17:30 horas<\/strong> y se desarrollar\u00e1 durante los <strong>meses de mayo a julio<\/strong>.<\/p>\n\n\n\n<p><\/p>\n\n\n\n<p>En esta oportunidad, el taller estar\u00e1 a cargo de las profesoras Carla Rivero y Jeanelle Portarrieu.<\/p>\n\n\n\n<p><\/p>\n\n\n\n<p>El objetivo de las clases ser\u00e1 que \u201c<strong><em>ni\u00f1os y ni\u00f1as exploren y estimulen su propia imaginaci\u00f3n y creatividad para lograr el entretenimiento<\/em><\/strong>\u201d. Cabe mencionar que se llevar\u00e1n adelante actividades libres, variadas y no estructuradas.<\/p>\n\n\n\n<p><\/p>\n\n\n\n<p>Asimismo, las tareas que se realizar\u00e1n pondr\u00e1n como foco el arte. Se trabajar\u00e1 de forma grupal e individual, con diversos materiales.<\/p>\n\n\n\n<p><\/p>\n\n\n\n<p>Por otra parte, se indic\u00f3 que <strong>el taller es arancelado y cuenta con cupos limitados.<\/strong> En este sentido, es fundamental que se realice una inscripci\u00f3n previa.<\/p>\n\n\n\n<p><\/p>\n\n\n\n<p>Para efectuar la misma, podr\u00e1n acercarse a <strong>Alsina 2659 de lunes a viernes de 14 a 18 horas<\/strong> o comunicarse a trav\u00e9s de los siguientes medios: WhatsApp: 2284 545589. Tel\u00e9fono: 418654. Facebook: Biblioteca Popular Armando Collinet. Instagram: biblio_armando_collinet. Correo electr\u00f3nico: biblioarmandocollinet@hotmail.com.<\/p>\n","protected":false},"excerpt":{"rendered":"<p>Se desarrollar\u00e1 durante los meses de mayo a julio y estar\u00e1 destinado a ni\u00f1as y ni\u00f1os de 3 a 7<\/p>\n","protected":false},"author":6,"featured_media":113032,"comment_status":"closed","ping_status":"closed","sticky":false,"template":"","format":"standard","meta":{"_jetpack_memberships_contains_paid_content":false,"footnotes":""},"categories":[9,1],"tags":[],"class_list":["post-113970","post","type-post","status-publish","format-standard","has-post-thumbnail","hentry","category-cultura","category-portada"],"jetpack_featured_media_url":"https:\/\/i0.wp.com\/cdnoticias.com\/wp-content\/uploads\/2024\/04\/biblio-armando-collinet.jpg?fit=900%2C506&ssl=1","jetpack_sharing_enabled":true,"_links":{"self":[{"href":"https:\/\/cdnoticias.com\/index.php\/wp-json\/wp\/v2\/posts\/113970","targetHints":{"allow":["GET"]}}],"collection":[{"href":"https:\/\/cdnoticias.com\/index.php\/wp-json\/wp\/v2\/posts"}],"about":[{"href":"https:\/\/cdnoticias.com\/index.php\/wp-json\/wp\/v2\/types\/post"}],"author":[{"embeddable":true,"href":"https:\/\/cdnoticias.com\/index.php\/wp-json\/wp\/v2\/users\/6"}],"replies":[{"embeddable":true,"href":"https:\/\/cdnoticias.com\/index.php\/wp-json\/wp\/v2\/comments?post=113970"}],"version-history":[{"count":0,"href":"https:\/\/cdnoticias.com\/index.php\/wp-json\/wp\/v2\/posts\/113970\/revisions"}],"wp:featuredmedia":[{"embeddable":true,"href":"https:\/\/cdnoticias.com\/index.php\/wp-json\/wp\/v2\/media\/113032"}],"wp:attachment":[{"href":"https:\/\/cdnoticias.com\/index.php\/wp-json\/wp\/v2\/media?parent=113970"}],"wp:term":[{"taxonomy":"category","embeddable":true,"href":"https:\/\/cdnoticias.com\/index.php\/wp-json\/wp\/v2\/categories?post=113970"},{"taxonomy":"post_tag","embeddable":true,"href":"https:\/\/cdnoticias.com\/index.php\/wp-json\/wp\/v2\/tags?post=113970"}],"curies":[{"name":"wp","href":"https:\/\/api.w.org\/{rel}","templated":true}]}}