{"id":113946,"date":"2024-04-18T17:11:53","date_gmt":"2024-04-18T20:11:53","guid":{"rendered":"https:\/\/cdnoticias.com\/?p=113946"},"modified":"2024-04-18T17:11:54","modified_gmt":"2024-04-18T20:11:54","slug":"importante-jornada-provincial-de-genero-y-diversidad-sexual-en-la-plata","status":"publish","type":"post","link":"https:\/\/cdnoticias.com\/index.php\/2024\/04\/18\/importante-jornada-provincial-de-genero-y-diversidad-sexual-en-la-plata\/","title":{"rendered":"Importante jornada provincial de g\u00e9nero y diversidad sexual en La Plata"},"content":{"rendered":"<p>Olavarr\u00eda estuvo representada por la Direcci\u00f3n de Mujeres, G\u00e9neros y Diversidad municipal en el Consejo de Articulaci\u00f3n de Pol\u00edticas de G\u00e9nero y Diversidad Sexual.<!--more--><\/p>\n<hr \/>\n<p>La <strong>Direcci\u00f3n de Mujeres, G\u00e9neros y Diversidad municipal<\/strong> particip\u00f3 del <strong>Consejo de Articulaci\u00f3n de Pol\u00edticas de G\u00e9nero y Diversidad Sexual<\/strong> con los Municipios impulsada por el Ministerio de Mujeres y Diversidad del gobierno de la provincia de Buenos Aires.<\/p>\n<p>El encuentro se realiz\u00f3 en el <strong>Pasaje Dardo Rocha de la ciudad de La Plata<\/strong> y cont\u00f3 con la participaci\u00f3n de <strong>autoridades de 70 municipios bonaerenses<\/strong>.<\/p>\n<p>Estuvieron presentes la <strong>ministra Estela D\u00edaz<\/strong>, junto a la <strong>intendenta de Quilmes Mayra Mendoza<\/strong> y la <strong>intendenta de Ca\u00f1uelas Marisa Fassi<\/strong>, quienes dieron inicio a la jornada.<\/p>\n<blockquote><p>En representaci\u00f3n de nuestra ciudad, asistieron la directora de Mujeres, G\u00e9neros y Diversidad Patricia P\u00e9rez y la coordinadora de Relaciones Interinstitucionales y con la Comunidad, Florencia Ju\u00e1rez.<\/p><\/blockquote>\n<p>Seg\u00fan indicaron desde el gobierno provincial,<strong> el Consejo se compone de 130 \u00e1reas de g\u00e9nero municipales<\/strong> y tiene como <em>objetivo crear espacios de discusi\u00f3n, debate y puesta en com\u00fan en pos de transversalizar la perspectiva de g\u00e9nero de manera colectiva.<\/em><\/p>\n<p>Durante la jornada, luego del panel de apertura, se activaron<strong> rondas de trabajo<\/strong> en las que las autoridades municipales compartieron logros durante la etapa del Ministerio y desaf\u00edos de sus tareas en la actualidad.<\/p>\n<p>Posteriormente, socializaron a modo de cierre las <strong>conclusiones del debate<\/strong> en comisiones y ejes de trabajo en los que es necesario avanzar para <strong>profundizar el enfoque de g\u00e9nero en el territorio.<\/strong><\/p>\n<blockquote><p>La directora de Mujeres, G\u00e9neros y Diversidad municipal, Patricia P\u00e9rez realiz\u00f3 un saldo positivo de la jornada y manifest\u00f3 que \u201cel encuentro fue muy fruct\u00edfero, pudimos intercambiar recursos y experiencias con otros municipios que trabajan en la materia, y conocer en detalle el esquema que nos ofrece el Ministerio para replicar en nuestra ciudad a partir de programas y dispositivos puntuales. Agradecemos la posibilidad de participar de estas instancias y nutrir nuestra gesti\u00f3n a partir de aportes y acciones concretas\u201d.<\/p><\/blockquote>\n","protected":false},"excerpt":{"rendered":"<p>Olavarr\u00eda estuvo representada por la Direcci\u00f3n de Mujeres, G\u00e9neros y Diversidad municipal en el Consejo de Articulaci\u00f3n de Pol\u00edticas de<\/p>\n","protected":false},"author":4,"featured_media":113948,"comment_status":"closed","ping_status":"closed","sticky":false,"template":"","format":"standard","meta":{"_jetpack_memberships_contains_paid_content":false,"footnotes":""},"categories":[3,1],"tags":[],"class_list":["post-113946","post","type-post","status-publish","format-standard","has-post-thumbnail","hentry","category-genero","category-portada"],"jetpack_featured_media_url":"https:\/\/i0.wp.com\/cdnoticias.com\/wp-content\/uploads\/2024\/04\/Consejo-Provincial-de-Genero.jpg?fit=1000%2C556&ssl=1","jetpack_sharing_enabled":true,"_links":{"self":[{"href":"https:\/\/cdnoticias.com\/index.php\/wp-json\/wp\/v2\/posts\/113946","targetHints":{"allow":["GET"]}}],"collection":[{"href":"https:\/\/cdnoticias.com\/index.php\/wp-json\/wp\/v2\/posts"}],"about":[{"href":"https:\/\/cdnoticias.com\/index.php\/wp-json\/wp\/v2\/types\/post"}],"author":[{"embeddable":true,"href":"https:\/\/cdnoticias.com\/index.php\/wp-json\/wp\/v2\/users\/4"}],"replies":[{"embeddable":true,"href":"https:\/\/cdnoticias.com\/index.php\/wp-json\/wp\/v2\/comments?post=113946"}],"version-history":[{"count":0,"href":"https:\/\/cdnoticias.com\/index.php\/wp-json\/wp\/v2\/posts\/113946\/revisions"}],"wp:featuredmedia":[{"embeddable":true,"href":"https:\/\/cdnoticias.com\/index.php\/wp-json\/wp\/v2\/media\/113948"}],"wp:attachment":[{"href":"https:\/\/cdnoticias.com\/index.php\/wp-json\/wp\/v2\/media?parent=113946"}],"wp:term":[{"taxonomy":"category","embeddable":true,"href":"https:\/\/cdnoticias.com\/index.php\/wp-json\/wp\/v2\/categories?post=113946"},{"taxonomy":"post_tag","embeddable":true,"href":"https:\/\/cdnoticias.com\/index.php\/wp-json\/wp\/v2\/tags?post=113946"}],"curies":[{"name":"wp","href":"https:\/\/api.w.org\/{rel}","templated":true}]}}