{"id":113912,"date":"2024-04-18T01:29:27","date_gmt":"2024-04-18T11:24:24","guid":{"rendered":"https:\/\/cdnoticias.com\/?p=113912"},"modified":"2025-02-13T17:09:34","modified_gmt":"2025-02-13T20:09:34","slug":"el-fortin-inauguro-el-nuevo-edificio-para-el-merendero","status":"publish","type":"post","link":"https:\/\/cdnoticias.com\/index.php\/2024\/04\/18\/el-fortin-inauguro-el-nuevo-edificio-para-el-merendero\/","title":{"rendered":"El Fort\u00edn inaugur\u00f3 el nuevo edificio para el merendero"},"content":{"rendered":"<p>En el predio de la avenida Pellegrini el Club El Fort\u00edn logr\u00f3 concretar una nueva obra y luego de invertir una millonaria suma de dinero, inaugur\u00f3 el nuevo edificio donde comenzar\u00e1 a funcionar el merendero para alrededor de 500 deportistas.<!--more--><\/p>\n<hr \/>\n<p>En la tarde-noche de este mi\u00e9rcoles se inaugur\u00f3 el nuevo merendero, una importante obra de m\u00e1s de 30 millones de pesos que llev\u00f3 a cabo la Comisi\u00f3n Directiva encabezada por Leandro Lanceta y la Subcomisi\u00f3n de F\u00fatbol Menor del \u201cFortinero\u201d.<\/p>\n<p>&nbsp;<\/p>\n<p>\u201c<em>Que nuestros chicos est\u00e9n cada vez mejor es una emoci\u00f3n<\/em>\u201d dijo Leandro Lanceta que encabez\u00f3 la inauguraci\u00f3n que cont\u00f3 con la presencia de integrantes de la Comisi\u00f3n Directiva, concejales, dirigentes de otros clubes y el intendente municipal Maximiliano Wesner.<\/p>\n<p>&nbsp;<\/p>\n<p>\u201c<em>Es un honor para nosotros poder culminar una obra importante desde lo econ\u00f3mico y deseada desde lo emotivo porque hace exactamente un a\u00f1o que iniciamos con este proyecto<\/em>\u201d, agreg\u00f3 el presidente que est\u00e1 finalizando con su primer mandato en la entidad para despu\u00e9s agradecer a todos los que colaboran para que el merendero funcione.<\/p>\n<p>&nbsp;<\/p>\n<p>[soliloquy id=&#8221;49742&#8243;]<\/p>\n<p>&nbsp;<\/p>\n<p>Impulsados por la Subcomisi\u00f3n de F\u00fatbol Menor y los integrantes del equipo de trabajo del merendero, el nuevo edificio demand\u00f3 una importante suma de dinero \u201c<em>para un espacio que lo transitan entre 400 y 500 deportistas por d\u00eda<\/em>\u201d.<\/p>\n<p>&nbsp;<\/p>\n<p>\u201c<em>A pesar de la compleja situaci\u00f3n econ\u00f3mica que nos toc\u00f3 atravesar en la gesti\u00f3n, nuestra idea es redoblar el esfuerzo y poder hacer crecer al club, porque las personas pasan, pero las obras quedan<\/em>\u201d cerr\u00f3 el presidente de El Fort\u00edn.<\/p>\n<p>&nbsp;<\/p>\n<p>Por \u00faltimo, antes del corte de cintas y la primera merienda dentro del nuevo espacio, el intendente Maximiliano Wesner se content\u00f3 por la finalizaci\u00f3n de la obra, agradeci\u00f3 seguir trabajando para la comunidad olavarriense y asegur\u00f3 \u201c<strong><em>es una gran obra, de mucho valor, porque esto, que es lo social de los clubes, es lo que trasciende<\/em><\/strong>\u201d.<\/p>\n","protected":false},"excerpt":{"rendered":"<p>En el predio de la avenida Pellegrini el Club El Fort\u00edn logr\u00f3 concretar una nueva obra y luego de invertir<\/p>\n","protected":false},"author":96739694,"featured_media":160656,"comment_status":"closed","ping_status":"closed","sticky":false,"template":"","format":"standard","meta":{"_jetpack_memberships_contains_paid_content":false,"footnotes":""},"categories":[30,1],"tags":[],"class_list":["post-113912","post","type-post","status-publish","format-standard","has-post-thumbnail","hentry","category-polideportivo","category-portada"],"jetpack_featured_media_url":"https:\/\/i0.wp.com\/cdnoticias.com\/wp-content\/uploads\/2024\/04\/fortin-merendero-2.jpg?fit=1280%2C853&ssl=1","jetpack_sharing_enabled":true,"_links":{"self":[{"href":"https:\/\/cdnoticias.com\/index.php\/wp-json\/wp\/v2\/posts\/113912","targetHints":{"allow":["GET"]}}],"collection":[{"href":"https:\/\/cdnoticias.com\/index.php\/wp-json\/wp\/v2\/posts"}],"about":[{"href":"https:\/\/cdnoticias.com\/index.php\/wp-json\/wp\/v2\/types\/post"}],"author":[{"embeddable":true,"href":"https:\/\/cdnoticias.com\/index.php\/wp-json\/wp\/v2\/users\/96739694"}],"replies":[{"embeddable":true,"href":"https:\/\/cdnoticias.com\/index.php\/wp-json\/wp\/v2\/comments?post=113912"}],"version-history":[{"count":0,"href":"https:\/\/cdnoticias.com\/index.php\/wp-json\/wp\/v2\/posts\/113912\/revisions"}],"wp:featuredmedia":[{"embeddable":true,"href":"https:\/\/cdnoticias.com\/index.php\/wp-json\/wp\/v2\/media\/160656"}],"wp:attachment":[{"href":"https:\/\/cdnoticias.com\/index.php\/wp-json\/wp\/v2\/media?parent=113912"}],"wp:term":[{"taxonomy":"category","embeddable":true,"href":"https:\/\/cdnoticias.com\/index.php\/wp-json\/wp\/v2\/categories?post=113912"},{"taxonomy":"post_tag","embeddable":true,"href":"https:\/\/cdnoticias.com\/index.php\/wp-json\/wp\/v2\/tags?post=113912"}],"curies":[{"name":"wp","href":"https:\/\/api.w.org\/{rel}","templated":true}]}}