{"id":113866,"date":"2024-04-17T13:26:13","date_gmt":"2024-04-17T16:26:13","guid":{"rendered":"https:\/\/cdnoticias.com\/?p=113866"},"modified":"2024-04-17T13:26:15","modified_gmt":"2024-04-17T16:26:15","slug":"el-fiscal-lucas-moyano-presento-su-libro-ciberdelitos","status":"publish","type":"post","link":"https:\/\/cdnoticias.com\/index.php\/2024\/04\/17\/el-fiscal-lucas-moyano-presento-su-libro-ciberdelitos\/","title":{"rendered":"El fiscal Lucas Moyano present\u00f3 su libro \u201cCiberdelitos\u201d"},"content":{"rendered":"<p>&#8220;Un sue\u00f1o hecho realidad. Un libro escrito con la finalidad de ayudar al que tenga que iniciar una investigaci\u00f3n en Entornos Digitales&#8221;, expres\u00f3 el fiscal Lucas Moyano, titular de la UFI 19 de Olavarr\u00eda y la UFI 22 de Azul.<!--more--><\/p>\n<hr \/>\n<p>El<strong> fiscal Lucas Moyano<\/strong> present\u00f3 el <strong>libro \u201cCiberdelitos\u201d<\/strong> de su autor\u00eda editado por librer\u00eda y editorial Hammurabi, especializada en publicaciones jur\u00eddicas.<\/p>\n<p>&nbsp;<\/p>\n<p>Es el titular de dos Fiscal\u00edas en el Departamento Judicial Azul, la<strong> UFI N\u00ba 19 de Olavarr\u00eda y la N\u00ba 22 de Azul.\u00a0<\/strong>Uno de los temas de trabajo del doctor Moyano es justamente la atenci\u00f3n a causas de ciberdelitos, que han crecido exponencialmente en los \u00faltimos a\u00f1os.<\/p>\n<p>&nbsp;<\/p>\n<blockquote><p>&#8220;Un sue\u00f1o hecho realidad. Un libro escrito con la finalidad de ayudar al que tenga que iniciar una investigaci\u00f3n en Entornos Digitales&#8221; expres\u00f3 Moyano en sus redes sociales al dar a conocer la publicaci\u00f3n del libro.<\/p><\/blockquote>\n<p>&nbsp;<\/p>\n<p>La obra cuenta con <strong>pr\u00f3logo de Hern\u00e1n Blanco y presentaci\u00f3n de Marcos Salt<\/strong>, contiene un <strong>anexo con modelos de escritos y jurisprudencia<\/strong> sobre la tem\u00e1tica. Adem\u00e1s, <em>mediante c\u00f3digo QR, el libro tambi\u00e9n incluye contenido audiovisual.<\/em><\/p>\n<p>&nbsp;<\/p>\n<blockquote class=\"twitter-tweet\">\n<p dir=\"ltr\" lang=\"es\">Hablame de felicidad! Un sue\u00f1o hecho que hoy es realidad! Un libro escrito con la finalidad de ayudar al que tenga que iniciar una investigaci\u00f3n en Entornos Digitales.<br \/>\nGracias <a href=\"https:\/\/twitter.com\/hammurabi_srl?ref_src=twsrc%5Etfw\">@hammurabi_srl<\/a>! Soy feliz <a href=\"https:\/\/t.co\/kw4NEs5nZ0\">https:\/\/t.co\/kw4NEs5nZ0<\/a><\/p>\n<p>\u2014 Lucas moyano (@Lucasmoyano23) <a href=\"https:\/\/twitter.com\/Lucasmoyano23\/status\/1779952674982494281?ref_src=twsrc%5Etfw\">April 15, 2024<\/a><\/p><\/blockquote>\n<p><script async src=\"https:\/\/platform.twitter.com\/widgets.js\" charset=\"utf-8\"><\/script><\/p>\n<p>&nbsp;<\/p>\n<p>La obra publicada abarca <strong>aspectos t\u00e9cnico-legales e informaci\u00f3n vinculada con desarrollos tecnol\u00f3gicos para las investigaciones penales<\/strong> sobre <em>MASI (material sobre abuso sexual infantil), grooming, correspondencia electr\u00f3nica, publicaci\u00f3n abusiva, estafas y defraudaciones digitales, suplantaci\u00f3n de identidad, difusi\u00f3n no consentida de im\u00e1genes \u00edntimas, venta de datos personales, hostigamiento digital<\/em>.<\/p>\n<p>&nbsp;<\/p>\n<blockquote><p>Marcos Salt, director de la Carrera de Especializaci\u00f3n en Cibercrimen y Evidencia Digital de la Facultad de Derecho de la UBA, refiere en la presentaci\u00f3n del libro que &#8220;Lucas aborda la tem\u00e1tica buscando una visi\u00f3n fundamentalmente pr\u00e1ctica desde la \u00f3ptica de un fiscal que trabaja en casos de delitos inform\u00e1ticos en su actividad diaria. Nos cuenta c\u00f3mo analiza sus casos, c\u00f3mo los prepara y hasta ofrece escritos y modelos de trabajo&#8221;.<\/p><\/blockquote>\n<p>&nbsp;<\/p>\n<p><img data-recalc-dims=\"1\" loading=\"lazy\" decoding=\"async\" class=\"size-full wp-image-113869 aligncenter\" src=\"https:\/\/i0.wp.com\/cdnoticias.com\/wp-content\/uploads\/2024\/04\/libro-lucas-moyano.jpg?resize=800%2C800&#038;ssl=1\" alt=\"\" width=\"800\" height=\"800\" srcset=\"https:\/\/i0.wp.com\/cdnoticias.com\/wp-content\/uploads\/2024\/04\/libro-lucas-moyano.jpg?w=800&amp;ssl=1 800w, https:\/\/i0.wp.com\/cdnoticias.com\/wp-content\/uploads\/2024\/04\/libro-lucas-moyano.jpg?resize=300%2C300&amp;ssl=1 300w, https:\/\/i0.wp.com\/cdnoticias.com\/wp-content\/uploads\/2024\/04\/libro-lucas-moyano.jpg?resize=150%2C150&amp;ssl=1 150w, https:\/\/i0.wp.com\/cdnoticias.com\/wp-content\/uploads\/2024\/04\/libro-lucas-moyano.jpg?resize=768%2C768&amp;ssl=1 768w\" sizes=\"auto, (max-width: 800px) 100vw, 800px\" \/><\/p>\n<p>&nbsp;<\/p>\n<p>&#8220;Comienza, por ello, tratando de clarificar cuestiones tecnol\u00f3gicas imprescindibles para poder entender la <strong>l\u00f3gica de las investigaciones en entornos digitales<\/strong>. As\u00ed, con lenguaje sencillo, intenta transmitir al lector las mismas <strong>complicaciones en la interpretaci\u00f3n de la tecnolog\u00eda<\/strong> que \u00e9l tiene para encarar su tarea de fiscal especializado en delitos inform\u00e1ticos. Es que claramente <strong>se trata de un tema interdisciplinario en el que los conocimientos jur\u00eddicos y t\u00e9cnicos son necesarios<\/strong>. \u00c9l, en su aprendizaje como fiscal, vivenci\u00f3 esta necesidad y as\u00ed generosamente trata de transmitirlo en su obra para que el lector pueda entender los alcances de sus propuestas de investigaci\u00f3n y litigaci\u00f3n&#8221;, puntualiza Salt.<\/p>\n<p>&nbsp;<\/p>\n<p>Por otro lado, \u201cen lo que se refiere a los contenidos jur\u00eddicos, el lector encontrar\u00e1 posturas doctrinarias tanto de derecho penal como procesal, ejemplos, casos, modelos de escritos, experiencias personales, etc. sobre temas tan variados como la interpretaci\u00f3n de los tipos penales y los vac\u00edos de nuestra ley penal en algunos temas, las garant\u00edas constitucionales en el entorno virtual, aspectos procesales, cuestiones de cooperaci\u00f3n internacional y cooperaci\u00f3n p\u00fablica. Incluso, siempre desde una visi\u00f3n de su pr\u00e1ctica diaria, Lucas llega a incorporar algunas ideas sobre los novedosos desaf\u00edos a los que se enfrenta hoy la fiscal\u00eda como consecuencia de nuevas realidades tecnol\u00f3gicas como las monedas digitales\u201d.<\/p>\n<p>&nbsp;<\/p>\n<p>Fuente: <em>con informaci\u00f3n de Diario El Tiempo<\/em><\/p>\n<p>&nbsp;<\/p>\n","protected":false},"excerpt":{"rendered":"<p>&#8220;Un sue\u00f1o hecho realidad. Un libro escrito con la finalidad de ayudar al que tenga que iniciar una investigaci\u00f3n en<\/p>\n","protected":false},"author":4,"featured_media":111104,"comment_status":"closed","ping_status":"closed","sticky":false,"template":"","format":"standard","meta":{"_jetpack_memberships_contains_paid_content":false,"footnotes":""},"categories":[5,1],"tags":[],"class_list":["post-113866","post","type-post","status-publish","format-standard","has-post-thumbnail","hentry","category-informacion-general","category-portada"],"jetpack_featured_media_url":"https:\/\/i0.wp.com\/cdnoticias.com\/wp-content\/uploads\/2024\/03\/lucas-moyano-00.jpg?fit=800%2C445&ssl=1","jetpack_sharing_enabled":true,"_links":{"self":[{"href":"https:\/\/cdnoticias.com\/index.php\/wp-json\/wp\/v2\/posts\/113866","targetHints":{"allow":["GET"]}}],"collection":[{"href":"https:\/\/cdnoticias.com\/index.php\/wp-json\/wp\/v2\/posts"}],"about":[{"href":"https:\/\/cdnoticias.com\/index.php\/wp-json\/wp\/v2\/types\/post"}],"author":[{"embeddable":true,"href":"https:\/\/cdnoticias.com\/index.php\/wp-json\/wp\/v2\/users\/4"}],"replies":[{"embeddable":true,"href":"https:\/\/cdnoticias.com\/index.php\/wp-json\/wp\/v2\/comments?post=113866"}],"version-history":[{"count":0,"href":"https:\/\/cdnoticias.com\/index.php\/wp-json\/wp\/v2\/posts\/113866\/revisions"}],"wp:featuredmedia":[{"embeddable":true,"href":"https:\/\/cdnoticias.com\/index.php\/wp-json\/wp\/v2\/media\/111104"}],"wp:attachment":[{"href":"https:\/\/cdnoticias.com\/index.php\/wp-json\/wp\/v2\/media?parent=113866"}],"wp:term":[{"taxonomy":"category","embeddable":true,"href":"https:\/\/cdnoticias.com\/index.php\/wp-json\/wp\/v2\/categories?post=113866"},{"taxonomy":"post_tag","embeddable":true,"href":"https:\/\/cdnoticias.com\/index.php\/wp-json\/wp\/v2\/tags?post=113866"}],"curies":[{"name":"wp","href":"https:\/\/api.w.org\/{rel}","templated":true}]}}