{"id":113819,"date":"2024-04-16T16:26:17","date_gmt":"2024-04-16T19:26:17","guid":{"rendered":"https:\/\/cdnoticias.com\/?p=113819"},"modified":"2024-04-16T18:12:18","modified_gmt":"2024-04-16T21:12:18","slug":"golpeo-a-su-pareja-y-amenazo-con-incendiar-su-casa-termino-arrestado","status":"publish","type":"post","link":"https:\/\/cdnoticias.com\/index.php\/2024\/04\/16\/golpeo-a-su-pareja-y-amenazo-con-incendiar-su-casa-termino-arrestado\/","title":{"rendered":"Golpe\u00f3 a su pareja y amenaz\u00f3 con incendiar su casa: termin\u00f3 arrestado"},"content":{"rendered":"<p>Adem\u00e1s, se estableci\u00f3 que el acusado, de 25 a\u00f1os, estaba en libertad condicional. La mujer hab\u00eda logrado salir de la vivienda. Los hechos se dieron en barrio Matadero.<!--more--><\/p>\n<hr \/>\n<p>En el marco de un<strong> caso de violencia de g\u00e9nero<\/strong> termin\u00f3 <strong>arrestado un hombre<\/strong> quien se encontraba en <strong>libertad condicional.<\/strong><\/p>\n<p>Los hechos se dieron <strong>este martes en barrio Matadero<\/strong>. La<strong> v\u00edctima<\/strong>, una mujer, <strong>hab\u00eda logrado salir de la vivienda<\/strong> y convoc\u00f3 al personal policial desde otra casa.<\/p>\n<p>Seg\u00fan se inform\u00f3, tras <strong>un llamado al 911<\/strong> que expuso el violento ataque los <strong>efectivos del CPO se presentaron en un domicilio de 25 de Mayo al 5800.<\/strong><\/p>\n<p>En base a la informaci\u00f3n policial, en ese lugar <strong>se presum\u00eda que el hombre, de 25 a\u00f1os, hab\u00eda agredido f\u00edsicamente a su pareja y hab\u00eda amenazado con prender fuego el inmueble.<\/strong> Sin embargo, los efectivos<strong> no hallaron a la v\u00edctima<\/strong> dentro de la casa.<\/p>\n<p><img data-recalc-dims=\"1\" loading=\"lazy\" decoding=\"async\" class=\"aligncenter wp-image-113820\" src=\"https:\/\/i0.wp.com\/cdnoticias.com\/wp-content\/uploads\/2024\/04\/25-de-mayo-5800-violencia-de-genero-01.jpg?resize=450%2C644&#038;ssl=1\" alt=\"\" width=\"450\" height=\"644\" srcset=\"https:\/\/i0.wp.com\/cdnoticias.com\/wp-content\/uploads\/2024\/04\/25-de-mayo-5800-violencia-de-genero-01.jpg?w=600&amp;ssl=1 600w, https:\/\/i0.wp.com\/cdnoticias.com\/wp-content\/uploads\/2024\/04\/25-de-mayo-5800-violencia-de-genero-01.jpg?resize=210%2C300&amp;ssl=1 210w\" sizes=\"auto, (max-width: 450px) 100vw, 450px\" \/><\/p>\n<p>Poco despu\u00e9s, nuevamente se recibi\u00f3 un llamado en el 911 que inform\u00f3 <strong>el paradero de la mujer atacada<\/strong>: hab\u00eda logrado llegar hasta <strong>una casa ubicada a pocos metros, sobre calle 120.<\/strong><\/p>\n<blockquote><p>En contacto con el personal policial, se constat\u00f3 que la v\u00edctima presentaba \u201clesiones en el rostro, con cortes en el labio superior y cuero cabelludo producidos por masculino mencionado con antelaci\u00f3n\u201d, se detall\u00f3.<\/p><\/blockquote>\n<p>Tras la verificaci\u00f3n de la situaci\u00f3n de violencia,<strong> el acusado qued\u00f3 aprehendido<\/strong>. Se dej\u00f3 saber que <strong>el hombre cursaba el beneficio de libertad condicional<\/strong> por un delito previamente cometido sobre el que no se dieron detalles.<\/p>\n<p>El acusado qued\u00f3 <strong>alojado en la Comisar\u00eda Primera<\/strong>. Se iniciaron actuaciones por<strong> \u201clesiones y amenazas\u201d<\/strong> con intervenci\u00f3n de la UFI N\u00ba 5 especializada en delitos de violencia familiar y de g\u00e9nero.<\/p>\n","protected":false},"excerpt":{"rendered":"<p>Adem\u00e1s, se estableci\u00f3 que el acusado, de 25 a\u00f1os, estaba en libertad condicional. La mujer hab\u00eda logrado salir de la<\/p>\n","protected":false},"author":4,"featured_media":113821,"comment_status":"closed","ping_status":"closed","sticky":false,"template":"","format":"standard","meta":{"_jetpack_memberships_contains_paid_content":false,"footnotes":""},"categories":[14,1],"tags":[],"class_list":["post-113819","post","type-post","status-publish","format-standard","has-post-thumbnail","hentry","category-policiales","category-portada"],"jetpack_featured_media_url":"https:\/\/i0.wp.com\/cdnoticias.com\/wp-content\/uploads\/2024\/04\/25-de-mayo-5800-violencia-de-genero-00.jpg?fit=1000%2C556&ssl=1","jetpack_sharing_enabled":true,"_links":{"self":[{"href":"https:\/\/cdnoticias.com\/index.php\/wp-json\/wp\/v2\/posts\/113819","targetHints":{"allow":["GET"]}}],"collection":[{"href":"https:\/\/cdnoticias.com\/index.php\/wp-json\/wp\/v2\/posts"}],"about":[{"href":"https:\/\/cdnoticias.com\/index.php\/wp-json\/wp\/v2\/types\/post"}],"author":[{"embeddable":true,"href":"https:\/\/cdnoticias.com\/index.php\/wp-json\/wp\/v2\/users\/4"}],"replies":[{"embeddable":true,"href":"https:\/\/cdnoticias.com\/index.php\/wp-json\/wp\/v2\/comments?post=113819"}],"version-history":[{"count":0,"href":"https:\/\/cdnoticias.com\/index.php\/wp-json\/wp\/v2\/posts\/113819\/revisions"}],"wp:featuredmedia":[{"embeddable":true,"href":"https:\/\/cdnoticias.com\/index.php\/wp-json\/wp\/v2\/media\/113821"}],"wp:attachment":[{"href":"https:\/\/cdnoticias.com\/index.php\/wp-json\/wp\/v2\/media?parent=113819"}],"wp:term":[{"taxonomy":"category","embeddable":true,"href":"https:\/\/cdnoticias.com\/index.php\/wp-json\/wp\/v2\/categories?post=113819"},{"taxonomy":"post_tag","embeddable":true,"href":"https:\/\/cdnoticias.com\/index.php\/wp-json\/wp\/v2\/tags?post=113819"}],"curies":[{"name":"wp","href":"https:\/\/api.w.org\/{rel}","templated":true}]}}