{"id":113816,"date":"2024-04-17T08:14:28","date_gmt":"2024-04-17T11:14:28","guid":{"rendered":"https:\/\/cdnoticias.com\/?p=113816"},"modified":"2024-04-17T08:14:52","modified_gmt":"2024-04-17T11:14:52","slug":"hallazgo-de-bicicleta-en-barrio-san-vicente","status":"publish","type":"post","link":"https:\/\/cdnoticias.com\/index.php\/2024\/04\/17\/hallazgo-de-bicicleta-en-barrio-san-vicente\/","title":{"rendered":"Hallazgo de bicicleta en barrio San Vicente"},"content":{"rendered":"<p>Este martes efectivos del CPO dieron con el rodado abandonado en la calle Rivadavia. Es tipo mountain bike Zenith rodado 26.<!--more--><\/p>\n<hr \/>\n<p><strong>Personal del CPO<\/strong> que realizaba tareas de <strong>patrullaje por el barrio San Vicente<\/strong> hall\u00f3 una <strong>bicicleta<\/strong> y, tras no poder dar con el propietario, qued\u00f3 secuestrada.<\/p>\n<p>Se detall\u00f3 que el veh\u00edculo <strong>estaba este martes en Rivadavia entre avenida Pueyrred\u00f3n y calle Collinet<\/strong>, abandonado sobre el cord\u00f3n.<\/p>\n<blockquote><p>Es tipo mountain bike Zenith rodado 26 de color negro.<\/p><\/blockquote>\n<p>Se realiz\u00f3 una b\u00fasqueda en el sector con resultado negativo: nadie se present\u00f3 como due\u00f1o. <strong>La bicicleta fue trasladada a la Comisar\u00eda Primera.<\/strong><\/p>\n<p>Aquella persona que acredite propiedad de la bicicleta debe acercarse con la documentaci\u00f3n pertinente a la sede de Comisaria Primera en el horario de 8 a 12.<\/p>\n","protected":false},"excerpt":{"rendered":"<p>Este martes efectivos del CPO dieron con el rodado abandonado en la calle Rivadavia. Es tipo mountain bike Zenith rodado<\/p>\n","protected":false},"author":4,"featured_media":113817,"comment_status":"closed","ping_status":"closed","sticky":false,"template":"","format":"standard","meta":{"_jetpack_memberships_contains_paid_content":false,"footnotes":""},"categories":[14,1],"tags":[],"class_list":["post-113816","post","type-post","status-publish","format-standard","has-post-thumbnail","hentry","category-policiales","category-portada"],"jetpack_featured_media_url":"https:\/\/i0.wp.com\/cdnoticias.com\/wp-content\/uploads\/2024\/04\/rivadavia-y-pueyrredon-bicicleta.jpg?fit=800%2C444&ssl=1","jetpack_sharing_enabled":true,"_links":{"self":[{"href":"https:\/\/cdnoticias.com\/index.php\/wp-json\/wp\/v2\/posts\/113816","targetHints":{"allow":["GET"]}}],"collection":[{"href":"https:\/\/cdnoticias.com\/index.php\/wp-json\/wp\/v2\/posts"}],"about":[{"href":"https:\/\/cdnoticias.com\/index.php\/wp-json\/wp\/v2\/types\/post"}],"author":[{"embeddable":true,"href":"https:\/\/cdnoticias.com\/index.php\/wp-json\/wp\/v2\/users\/4"}],"replies":[{"embeddable":true,"href":"https:\/\/cdnoticias.com\/index.php\/wp-json\/wp\/v2\/comments?post=113816"}],"version-history":[{"count":0,"href":"https:\/\/cdnoticias.com\/index.php\/wp-json\/wp\/v2\/posts\/113816\/revisions"}],"wp:featuredmedia":[{"embeddable":true,"href":"https:\/\/cdnoticias.com\/index.php\/wp-json\/wp\/v2\/media\/113817"}],"wp:attachment":[{"href":"https:\/\/cdnoticias.com\/index.php\/wp-json\/wp\/v2\/media?parent=113816"}],"wp:term":[{"taxonomy":"category","embeddable":true,"href":"https:\/\/cdnoticias.com\/index.php\/wp-json\/wp\/v2\/categories?post=113816"},{"taxonomy":"post_tag","embeddable":true,"href":"https:\/\/cdnoticias.com\/index.php\/wp-json\/wp\/v2\/tags?post=113816"}],"curies":[{"name":"wp","href":"https:\/\/api.w.org\/{rel}","templated":true}]}}