{"id":113804,"date":"2024-04-17T08:09:44","date_gmt":"2024-04-17T11:09:44","guid":{"rendered":"https:\/\/cdnoticias.com\/?p=113804"},"modified":"2024-04-17T10:01:27","modified_gmt":"2024-04-17T13:01:27","slug":"se-promulgo-la-ley-que-creo-la-segunda-camara-de-apelacion-en-azul","status":"publish","type":"post","link":"https:\/\/cdnoticias.com\/index.php\/2024\/04\/17\/se-promulgo-la-ley-que-creo-la-segunda-camara-de-apelacion-en-azul\/","title":{"rendered":"Se promulg\u00f3 la ley que cre\u00f3 la segunda C\u00e1mara de Apelaci\u00f3n en Azul"},"content":{"rendered":"<p>Tuvo sanci\u00f3n definitiva el mes pasado con el proyecto impulsado por el diputado olavarriense Mart\u00edn Endere.<!--more--><\/p>\n<hr \/>\n<p><strong>El Gobierno de Axel Kicillof promulg\u00f3 dos leyes<\/strong> que <strong>crean juzgados y salas judiciales<\/strong> en diferentes distritos de la provincia de Buenos Aires y que contaron con el impulso del oficialismo y la oposici\u00f3n en la Legislatura.<\/p>\n<blockquote><p>As\u00ed qued\u00f3 plasmado este martes en el Bolet\u00edn Oficial, donde se promulg\u00f3 la Ley N\u00ba 15.483 que crea una Sala en la C\u00e1mara de Apelaci\u00f3n y Garant\u00edas en lo Penal del Departamento Judicial de Azul, con asiento en la vecina localidad.<\/p><\/blockquote>\n<p>La normativa <a href=\"https:\/\/cdnoticias.com\/index.php\/2024\/03\/20\/la-legislatura-aprobo-la-creacion-de-una-nueva-sala-de-la-camara-penal-de-azul\/\" target=\"_blank\" rel=\"noopener\">se hab\u00eda aprobado a mediados de marzo <strong>en la C\u00e1mara de Diputados<\/strong><\/a><strong>\u00a0donde tuvo sanci\u00f3n definitiva<\/strong>. El proyecto hab\u00eda sido<strong> impulsado por el diputado olavarriense Mart\u00edn Endere (PRO)<\/strong> y la senadora azule\u00f1a Lorena Mandagar\u00e1n. En tanto, <strong>la Suprema Corte provincial se hab\u00eda expresado<\/strong> en junio del a\u00f1o pasado sobre la <strong>necesidad de sumar organismos judiciales en todo el territorio<\/strong>, y <a href=\"https:\/\/cdnoticias.com\/index.php\/2023\/06\/20\/la-suprema-corte-pidio-crear-otra-sala-en-la-camara-de-apelaciones-en-azul\/\" target=\"_blank\" rel=\"noopener\">entre ellos hab\u00eda se\u00f1alado la necesidad de la c\u00e1mara de segunda instancia en Azul.<\/a><\/p>\n<p><img data-recalc-dims=\"1\" loading=\"lazy\" decoding=\"async\" class=\"size-large wp-image-109867 aligncenter\" src=\"https:\/\/i0.wp.com\/cdnoticias.com\/wp-content\/uploads\/2024\/02\/endere-jueces-de-garantias-azul.jpg?resize=800%2C445&#038;ssl=1\" alt=\"\" width=\"800\" height=\"445\" srcset=\"https:\/\/i0.wp.com\/cdnoticias.com\/wp-content\/uploads\/2024\/02\/endere-jueces-de-garantias-azul.jpg?resize=1024%2C570&amp;ssl=1 1024w, https:\/\/i0.wp.com\/cdnoticias.com\/wp-content\/uploads\/2024\/02\/endere-jueces-de-garantias-azul.jpg?resize=300%2C167&amp;ssl=1 300w, https:\/\/i0.wp.com\/cdnoticias.com\/wp-content\/uploads\/2024\/02\/endere-jueces-de-garantias-azul.jpg?resize=768%2C428&amp;ssl=1 768w, https:\/\/i0.wp.com\/cdnoticias.com\/wp-content\/uploads\/2024\/02\/endere-jueces-de-garantias-azul.jpg?resize=800%2C445&amp;ssl=1 800w, https:\/\/i0.wp.com\/cdnoticias.com\/wp-content\/uploads\/2024\/02\/endere-jueces-de-garantias-azul.jpg?w=1200&amp;ssl=1 1200w\" sizes=\"auto, (max-width: 800px) 100vw, 800px\" \/><\/p>\n<p>De esta manera, <strong>el Departamento Judicial Azul, que incluye a Olavarr\u00eda, suma una segunda C\u00e1mara de Apelaci\u00f3n<\/strong> ya que hasta el momento funciona s\u00f3lo una.<\/p>\n<p>Adem\u00e1s, se indic\u00f3 que las C\u00e1maras de Apelaci\u00f3n y las de Apelaci\u00f3n y Garant\u00edas estar\u00e1n integradas por el siguiente n\u00famero de <strong>miembros<\/strong>:<\/p>\n<ul>\n<li><strong>Las del Departamento Judicial de La Plata<\/strong>, en lo Civil y Comercial, por siete miembros divididas en tres Salas designadas num\u00e9ricamente y compuestas de dos miembros cada una, con un Presidente com\u00fan a todas \u00e9stas y la de Apelaci\u00f3n y Garant\u00edas en lo Penal por trece miembros, dividida en cuatro Salas designadas num\u00e9ricamente y compuestas de tres miembros cada una, con un Presidente com\u00fan a todas ellas. El Presidente de la C\u00e1mara de Apelaci\u00f3n y Garant\u00edas en lo Penal reemplazar\u00e1 a los Presidentes de las Salas en caso de recusaci\u00f3n y excusaci\u00f3n, vacancia u otra circunstancia legal que determine ausencia. Los dem\u00e1s miembros ser\u00e1n reemplazados por aquel integrante de una de las Salas que el Presidente de la C\u00e1mara determine por sorteo p\u00fablico.<\/li>\n<li><strong>Las de los Departamentos Judiciales de General San Mart\u00edn, Lomas de Zamora, Mar del Plata, Mercedes, Mor\u00f3n y San Isidro<\/strong>, en lo Civil y Comercial, por siete miembros, divididos en tres Salas designadas num\u00e9ricamente y compuestas de dos miembros de cada una, con un Presidente com\u00fan a todas \u00e9stas; y las de Apelaci\u00f3n y Garant\u00edas en lo Penal, por nueve miembros divididos en tres Salas designadas num\u00e9ricamente y compuestas de tres miembros cada una.<\/li>\n<li><strong>Las de los Departamentos Judiciales de Azul, Bah\u00eda Blanca, La Matanza y Quilmes<\/strong> por <strong>seis miembros divididos en dos Salas<\/strong>, designadas num\u00e9ricamente y compuestas de <strong>tres miembros cada una<\/strong>.<\/li>\n<li>Las de los <strong>restantes Departamentos Judiciales<\/strong> por tres miembros. La Presidencia de las C\u00e1maras de Apelaci\u00f3n de los Departamentos Judiciales se\u00f1alados en los incisos b), c) y d), ser\u00e1 desempe\u00f1ada anualmente y en forma rotativa por cada uno de los miembros que la integran.<\/li>\n<\/ul>\n<p><img data-recalc-dims=\"1\" loading=\"lazy\" decoding=\"async\" class=\"size-full wp-image-109656 aligncenter\" src=\"https:\/\/i0.wp.com\/cdnoticias.com\/wp-content\/uploads\/2024\/02\/poder-judicial-azul-Diario-El-Tiempo.jpeg?resize=800%2C450&#038;ssl=1\" alt=\"\" width=\"800\" height=\"450\" srcset=\"https:\/\/i0.wp.com\/cdnoticias.com\/wp-content\/uploads\/2024\/02\/poder-judicial-azul-Diario-El-Tiempo.jpeg?w=948&amp;ssl=1 948w, https:\/\/i0.wp.com\/cdnoticias.com\/wp-content\/uploads\/2024\/02\/poder-judicial-azul-Diario-El-Tiempo.jpeg?resize=300%2C169&amp;ssl=1 300w, https:\/\/i0.wp.com\/cdnoticias.com\/wp-content\/uploads\/2024\/02\/poder-judicial-azul-Diario-El-Tiempo.jpeg?resize=768%2C432&amp;ssl=1 768w\" sizes=\"auto, (max-width: 800px) 100vw, 800px\" \/><\/p>\n<p>En tanto, mediante la <strong>Ley N\u00ba 15.484 se dio origen a<\/strong>:<\/p>\n<p>\u2013 <strong>Un Juzgado de Garant\u00edas en el Departamento Judicial General San Mart\u00edn<\/strong>, con asiento en el partido de Malvinas Argentinas y con competencia sobre los partidos de Malvinas Argentinas, San Miguel y Jos\u00e9 C. Paz.<\/p>\n<p>\u2013 <strong>Un Juzgado en lo Correccional en el Departamento Judicial General San Mart\u00edn<\/strong>, con asiento en el partido de Malvinas Argentinas y con competencia sobre los partidos de Malvinas Argentinas, San Miguel y Jos\u00e9 C. Paz.<\/p>\n<p>\u2013<strong> Un Tribunal en lo Criminal en el Departamento Judicial General San Mart\u00edn<\/strong>, con asiento en el partido de Malvinas Argentinas y con competencia sobre los partidos de Jos\u00e9 C. Paz, Malvinas Argentinas y San Miguel.<\/p>\n<blockquote class=\"wp-embedded-content\" data-secret=\"FmvIsfICzY\"><p><a href=\"https:\/\/cdnoticias.com\/index.php\/2024\/02\/28\/martin-endere-impulsara-en-diputados-una-nueva-camara-de-garantias-en-lo-penal-en-azul\/\">Mart\u00edn Endere impulsar\u00e1 en Diputados una nueva sala de C\u00e1mara de Garant\u00edas en lo Penal en Azul<\/a><\/p><\/blockquote>\n<p><iframe loading=\"lazy\" class=\"wp-embedded-content\" sandbox=\"allow-scripts\" security=\"restricted\" style=\"position: absolute; clip: rect(1px, 1px, 1px, 1px);\" title=\"&#8220;Mart\u00edn Endere impulsar\u00e1 en Diputados una nueva sala de C\u00e1mara de Garant\u00edas en lo Penal en Azul&#8221; &#8212; Central de Noticias | Olavarr\u00eda\" src=\"https:\/\/cdnoticias.com\/index.php\/2024\/02\/28\/martin-endere-impulsara-en-diputados-una-nueva-camara-de-garantias-en-lo-penal-en-azul\/embed\/#?secret=bT5uXL9vZj#?secret=FmvIsfICzY\" data-secret=\"FmvIsfICzY\" width=\"600\" height=\"338\" frameborder=\"0\" marginwidth=\"0\" marginheight=\"0\" scrolling=\"no\"><\/iframe><\/p>\n","protected":false},"excerpt":{"rendered":"<p>Tuvo sanci\u00f3n definitiva el mes pasado con el proyecto impulsado por el diputado olavarriense Mart\u00edn Endere.<\/p>\n","protected":false},"author":4,"featured_media":3058,"comment_status":"closed","ping_status":"closed","sticky":false,"template":"","format":"standard","meta":{"_jetpack_memberships_contains_paid_content":false,"footnotes":""},"categories":[4,1],"tags":[],"class_list":["post-113804","post","type-post","status-publish","format-standard","has-post-thumbnail","hentry","category-politica","category-portada"],"jetpack_featured_media_url":"https:\/\/i0.wp.com\/cdnoticias.com\/wp-content\/uploads\/2020\/10\/28022016_07_poder-e1601676895152.jpg?fit=526%2C335&ssl=1","jetpack_sharing_enabled":true,"_links":{"self":[{"href":"https:\/\/cdnoticias.com\/index.php\/wp-json\/wp\/v2\/posts\/113804","targetHints":{"allow":["GET"]}}],"collection":[{"href":"https:\/\/cdnoticias.com\/index.php\/wp-json\/wp\/v2\/posts"}],"about":[{"href":"https:\/\/cdnoticias.com\/index.php\/wp-json\/wp\/v2\/types\/post"}],"author":[{"embeddable":true,"href":"https:\/\/cdnoticias.com\/index.php\/wp-json\/wp\/v2\/users\/4"}],"replies":[{"embeddable":true,"href":"https:\/\/cdnoticias.com\/index.php\/wp-json\/wp\/v2\/comments?post=113804"}],"version-history":[{"count":0,"href":"https:\/\/cdnoticias.com\/index.php\/wp-json\/wp\/v2\/posts\/113804\/revisions"}],"wp:featuredmedia":[{"embeddable":true,"href":"https:\/\/cdnoticias.com\/index.php\/wp-json\/wp\/v2\/media\/3058"}],"wp:attachment":[{"href":"https:\/\/cdnoticias.com\/index.php\/wp-json\/wp\/v2\/media?parent=113804"}],"wp:term":[{"taxonomy":"category","embeddable":true,"href":"https:\/\/cdnoticias.com\/index.php\/wp-json\/wp\/v2\/categories?post=113804"},{"taxonomy":"post_tag","embeddable":true,"href":"https:\/\/cdnoticias.com\/index.php\/wp-json\/wp\/v2\/tags?post=113804"}],"curies":[{"name":"wp","href":"https:\/\/api.w.org\/{rel}","templated":true}]}}