{"id":113784,"date":"2024-04-16T09:06:16","date_gmt":"2024-04-16T12:06:16","guid":{"rendered":"https:\/\/cdnoticias.com\/?p=113784"},"modified":"2024-04-16T10:17:14","modified_gmt":"2024-04-16T13:17:14","slug":"la-argentina-sumo-32-millones-de-nuevos-pobres-en-el-primer-trimestre-del-ano","status":"publish","type":"post","link":"https:\/\/cdnoticias.com\/index.php\/2024\/04\/16\/la-argentina-sumo-32-millones-de-nuevos-pobres-en-el-primer-trimestre-del-ano\/","title":{"rendered":"La Argentina sum\u00f3 3,2 millones de nuevos pobres en el primer trimestre del a\u00f1o"},"content":{"rendered":"\n<p>Seg\u00fan los c\u00e1lculos de la Universidad Di Tella, la pobreza llegar\u00eda a unos 22,6 millones de personas sobre un total de 46,8 millones.<\/p>\n\n\n\n<hr class=\"wp-block-separator has-alpha-channel-opacity\"\/>\n\n\n\n<p><strong>La pobreza en la Argentina alcanz\u00f3 en el primer trimestre del a\u00f1o a 22,6 millones de personas<\/strong>, lo que implica que <strong>desde que asumi\u00f3 Javier Milei la presidencia se sumaron 3,2 millones de nuevos pobres<\/strong> debido al impacto de la inflaci\u00f3n en el poder adquisitivo.<\/p>\n\n\n\n<p><\/p>\n\n\n\n<p>Seg\u00fan el nowcast de pobreza que calcula el investigador de la Universidad Torcuato Di Tella, Mart\u00edn Gonz\u00e1lez Rozada, <strong>la tasa de pobreza fue del 48,3% para el semestre octubre-marzo.<\/strong> \u201cLa incidencia proyectada es un promedio ponderado de una tasa de pobreza estimada en 44.9% para el cuarto trimestre de 2023 y 51,8% para el primer trimestre de 2024\u2033, consign\u00f3 el informe de la casa de estudios.<\/p>\n\n\n\n<p><\/p>\n\n\n\n<p>El nowcast de pobreza estima la incidencia de la pobreza, medida en t\u00e9rminos del porcentaje de personas que viven en hogares pobres, en forma semestral. Se actualiza todos los meses y la estimaci\u00f3n est\u00e1 basada en la <strong>Encuesta Permanente de Hogares (EPH) del INDEC<\/strong> junto a proyecciones de la <strong>canasta b\u00e1sica total (CBT) utilizando el \u00cdndice de Precios al Consumidor y a proyecciones de los deciles de ingreso total familiar. <\/strong>Dependiendo de la fecha de publicaci\u00f3n, a veces no es necesario proyectar la CBT y se utilizan los datos oficiales publicados por INDEC.<\/p>\n\n\n\n<p><\/p>\n\n\n\n<blockquote class=\"wp-block-quote is-layout-flow wp-block-quote-is-layout-flow\">\n<p>La medici\u00f3n de la Di Tella sugiere que alrededor del 48% de las personas en el pa\u00eds viven en hogares urbanos pobres, es decir 14,2 millones de argentinos sobre un total de 29,3 millones. <\/p>\n<\/blockquote>\n\n\n\n<p><\/p>\n\n\n\n<p>Sin embargo,<strong> si se tiene en cuenta una proyecci\u00f3n de la poblaci\u00f3n total, es decir incluyendo zonas no urbanas, rurales y de baja densidad demogr\u00e1fica, la pobreza llegar\u00eda a unos 22,6 millones de personas sobre un total de 46,8 millones. <\/strong>Ese n\u00famero implica un fuerte salto respecto a los 19,4 millones en los que hab\u00eda finalizado el 2023 seg\u00fan los \u00faltimos datos oficiales del Indec.<\/p>\n\n\n\n<p><\/p>\n\n\n\n<p>Por otra parte, el CBT promedio de la regi\u00f3n del Gran Buenos Aires (GBA) para el semestre de referencia se estim\u00f3 en $177.598 por adulto equivalente. Esto implica un aumento interanual de 239,4%. Para el promedio del ingreso total familiar (ITF) se proyect\u00f3 para el semestre un incremento interanual de 184%.<\/p>\n\n\n\n<p><\/p>\n\n\n\n<p>Fuente: DIB.<\/p>\n","protected":false},"excerpt":{"rendered":"<p>Seg\u00fan los c\u00e1lculos de la Universidad Di Tella, la pobreza llegar\u00eda a unos 22,6 millones de personas sobre un total<\/p>\n","protected":false},"author":2,"featured_media":81045,"comment_status":"closed","ping_status":"closed","sticky":false,"template":"","format":"standard","meta":{"_jetpack_memberships_contains_paid_content":false,"footnotes":""},"categories":[6,1],"tags":[],"class_list":["post-113784","post","type-post","status-publish","format-standard","has-post-thumbnail","hentry","category-nacionales","category-portada"],"jetpack_featured_media_url":"https:\/\/i0.wp.com\/cdnoticias.com\/wp-content\/uploads\/2023\/03\/pobreza-1.jpg?fit=988%2C559&ssl=1","jetpack_sharing_enabled":true,"_links":{"self":[{"href":"https:\/\/cdnoticias.com\/index.php\/wp-json\/wp\/v2\/posts\/113784","targetHints":{"allow":["GET"]}}],"collection":[{"href":"https:\/\/cdnoticias.com\/index.php\/wp-json\/wp\/v2\/posts"}],"about":[{"href":"https:\/\/cdnoticias.com\/index.php\/wp-json\/wp\/v2\/types\/post"}],"author":[{"embeddable":true,"href":"https:\/\/cdnoticias.com\/index.php\/wp-json\/wp\/v2\/users\/2"}],"replies":[{"embeddable":true,"href":"https:\/\/cdnoticias.com\/index.php\/wp-json\/wp\/v2\/comments?post=113784"}],"version-history":[{"count":0,"href":"https:\/\/cdnoticias.com\/index.php\/wp-json\/wp\/v2\/posts\/113784\/revisions"}],"wp:featuredmedia":[{"embeddable":true,"href":"https:\/\/cdnoticias.com\/index.php\/wp-json\/wp\/v2\/media\/81045"}],"wp:attachment":[{"href":"https:\/\/cdnoticias.com\/index.php\/wp-json\/wp\/v2\/media?parent=113784"}],"wp:term":[{"taxonomy":"category","embeddable":true,"href":"https:\/\/cdnoticias.com\/index.php\/wp-json\/wp\/v2\/categories?post=113784"},{"taxonomy":"post_tag","embeddable":true,"href":"https:\/\/cdnoticias.com\/index.php\/wp-json\/wp\/v2\/tags?post=113784"}],"curies":[{"name":"wp","href":"https:\/\/api.w.org\/{rel}","templated":true}]}}