{"id":113773,"date":"2024-04-15T19:36:02","date_gmt":"2024-04-15T22:36:02","guid":{"rendered":"https:\/\/cdnoticias.com\/?p=113773"},"modified":"2024-04-16T09:06:30","modified_gmt":"2024-04-16T12:06:30","slug":"gallos-de-rina-en-la-maxima-suspendieron-a-siete-trabajadores-municipales","status":"publish","type":"post","link":"https:\/\/cdnoticias.com\/index.php\/2024\/04\/15\/gallos-de-rina-en-la-maxima-suspendieron-a-siete-trabajadores-municipales\/","title":{"rendered":"Gallos de ri\u00f1a en La M\u00e1xima: suspendieron a siete trabajadores municipales"},"content":{"rendered":"\n<p>Se trata de empleados del sector que ya fueron notificados. Se iniciaron sumarios administrativos. El pasado viernes se realiz\u00f3 un operativo policial a ra\u00edz de una denuncia por maltrato animal.<\/p>\n\n\n\n<hr class=\"wp-block-separator has-alpha-channel-opacity\"\/>\n\n\n\n<p>Este lunes se conoci\u00f3 la s<strong>uspensi\u00f3n de manera preventiva y el inicio de sumarios administrativos de siete empleados municipales <\/strong>que desempe\u00f1aban tareas en el bioparque La Maxima.<\/p>\n\n\n\n<p><\/p>\n\n\n\n<p>Los trabajadores fueron notificados de la decisi\u00f3n que se sostendr\u00eda por 60 d\u00edas mientras avanza la investigaci\u00f3n a partir de la <a href=\"https:\/\/cdnoticias.com\/index.php\/2024\/04\/12\/el-municipio-denuncio-un-criadero-de-gallos-de-rina-en-la-maxima\/\">existencia de gallos de ri\u00f1a entre las aves de La M\u00e1xima.<\/a><\/p>\n\n\n\n<p><\/p>\n\n\n\n<p>El pasado viernes 12 de abril, tras varias horas de un <a href=\"https:\/\/cdnoticias.com\/index.php\/2024\/04\/12\/intervencion-policial-en-la-maxima-por-una-denuncia-de-maltrato-animal\/\" data-type=\"link\" data-id=\"https:\/\/cdnoticias.com\/index.php\/2024\/04\/12\/intervencion-policial-en-la-maxima-por-una-denuncia-de-maltrato-animal\/\">sorpresivo operativo policial<\/a> en el bioparque La M\u00e1xima por una denuncia de maltrato animal, el Municipio confirm\u00f3 que se trataba de un criadero de gallos de ri\u00f1a.<\/p>\n\n\n\n<p><\/p>\n\n\n\n<figure class=\"wp-block-image size-full\"><img data-recalc-dims=\"1\" loading=\"lazy\" decoding=\"async\" width=\"800\" height=\"445\" src=\"https:\/\/i0.wp.com\/cdnoticias.com\/wp-content\/uploads\/2024\/04\/la-maxima-aves-rina-09.jpg?resize=800%2C445&#038;ssl=1\" alt=\"\" class=\"wp-image-113580\" srcset=\"https:\/\/i0.wp.com\/cdnoticias.com\/wp-content\/uploads\/2024\/04\/la-maxima-aves-rina-09.jpg?w=800&amp;ssl=1 800w, https:\/\/i0.wp.com\/cdnoticias.com\/wp-content\/uploads\/2024\/04\/la-maxima-aves-rina-09.jpg?resize=300%2C167&amp;ssl=1 300w, https:\/\/i0.wp.com\/cdnoticias.com\/wp-content\/uploads\/2024\/04\/la-maxima-aves-rina-09.jpg?resize=768%2C427&amp;ssl=1 768w\" sizes=\"auto, (max-width: 800px) 100vw, 800px\" \/><\/figure>\n\n\n\n<p><\/p>\n\n\n\n<p>Oficialmente, informaron en un comunicado que \u201cel Municipio de Olavarr\u00eda a ra\u00edz de una denuncia interna realizada semanas atr\u00e1s por trabajadores<strong> comenz\u00f3 una investigaci\u00f3n interna<\/strong>\u201d.<\/p>\n\n\n\n<p><\/p>\n\n\n\n<p>Es por ello que se realiz\u00f3 el operativo donde \u201c<strong>se constat\u00f3 la presencia de gallos de ri\u00f1a. <\/strong>El Municipio se puso a disposici\u00f3n de la justicia para corroborar si efectivamente en el predio municipal funciona un criadero. Seg\u00fan relatos de trabajadores municipales esto se encuentra en funcionamiento desde hace m\u00e1s de 5 a\u00f1os\u201d.<\/p>\n\n\n\n<p><\/p>\n\n\n\n<figure class=\"wp-block-embed is-type-wp-embed is-provider-central-de-noticias-olavarr-a wp-block-embed-central-de-noticias-olavarr-a\"><div class=\"wp-block-embed__wrapper\">\n<blockquote class=\"wp-embedded-content\" data-secret=\"uj34u67j3M\"><a href=\"https:\/\/cdnoticias.com\/index.php\/2024\/04\/12\/el-municipio-denuncio-un-criadero-de-gallos-de-rina-en-la-maxima\/\">El Municipio denunci\u00f3 \u201cun criadero de gallos de ri\u00f1a\u201d en La M\u00e1xima<\/a><\/blockquote><iframe loading=\"lazy\" class=\"wp-embedded-content\" sandbox=\"allow-scripts\" security=\"restricted\" style=\"position: absolute; clip: rect(1px, 1px, 1px, 1px);\" title=\"&#8220;El Municipio denunci\u00f3 \u201cun criadero de gallos de ri\u00f1a\u201d en La M\u00e1xima&#8221; &#8212; Central de Noticias | Olavarr\u00eda\" src=\"https:\/\/cdnoticias.com\/index.php\/2024\/04\/12\/el-municipio-denuncio-un-criadero-de-gallos-de-rina-en-la-maxima\/embed\/#?secret=54neBrASFD#?secret=uj34u67j3M\" data-secret=\"uj34u67j3M\" width=\"600\" height=\"338\" frameborder=\"0\" marginwidth=\"0\" marginheight=\"0\" scrolling=\"no\"><\/iframe>\n<\/div><\/figure>\n","protected":false},"excerpt":{"rendered":"<p>Se trata de empleados del sector que ya fueron notificados. Se iniciaron sumarios administrativos. El pasado viernes se realiz\u00f3 un<\/p>\n","protected":false},"author":2,"featured_media":113571,"comment_status":"closed","ping_status":"closed","sticky":false,"template":"","format":"standard","meta":{"_jetpack_memberships_contains_paid_content":false,"footnotes":""},"categories":[5,1],"tags":[],"class_list":["post-113773","post","type-post","status-publish","format-standard","has-post-thumbnail","hentry","category-informacion-general","category-portada"],"jetpack_featured_media_url":"https:\/\/i0.wp.com\/cdnoticias.com\/wp-content\/uploads\/2024\/04\/la-maxima-aves-rina-00.jpg?fit=958%2C533&ssl=1","jetpack_sharing_enabled":true,"_links":{"self":[{"href":"https:\/\/cdnoticias.com\/index.php\/wp-json\/wp\/v2\/posts\/113773","targetHints":{"allow":["GET"]}}],"collection":[{"href":"https:\/\/cdnoticias.com\/index.php\/wp-json\/wp\/v2\/posts"}],"about":[{"href":"https:\/\/cdnoticias.com\/index.php\/wp-json\/wp\/v2\/types\/post"}],"author":[{"embeddable":true,"href":"https:\/\/cdnoticias.com\/index.php\/wp-json\/wp\/v2\/users\/2"}],"replies":[{"embeddable":true,"href":"https:\/\/cdnoticias.com\/index.php\/wp-json\/wp\/v2\/comments?post=113773"}],"version-history":[{"count":0,"href":"https:\/\/cdnoticias.com\/index.php\/wp-json\/wp\/v2\/posts\/113773\/revisions"}],"wp:featuredmedia":[{"embeddable":true,"href":"https:\/\/cdnoticias.com\/index.php\/wp-json\/wp\/v2\/media\/113571"}],"wp:attachment":[{"href":"https:\/\/cdnoticias.com\/index.php\/wp-json\/wp\/v2\/media?parent=113773"}],"wp:term":[{"taxonomy":"category","embeddable":true,"href":"https:\/\/cdnoticias.com\/index.php\/wp-json\/wp\/v2\/categories?post=113773"},{"taxonomy":"post_tag","embeddable":true,"href":"https:\/\/cdnoticias.com\/index.php\/wp-json\/wp\/v2\/tags?post=113773"}],"curies":[{"name":"wp","href":"https:\/\/api.w.org\/{rel}","templated":true}]}}