{"id":113766,"date":"2024-04-15T17:28:50","date_gmt":"2024-04-15T20:28:50","guid":{"rendered":"https:\/\/cdnoticias.com\/?p=113766"},"modified":"2024-04-15T17:28:52","modified_gmt":"2024-04-15T20:28:52","slug":"talleres-para-adultos-mayores-en-el-centro-cultural-universitario","status":"publish","type":"post","link":"https:\/\/cdnoticias.com\/index.php\/2024\/04\/15\/talleres-para-adultos-mayores-en-el-centro-cultural-universitario\/","title":{"rendered":"Talleres para adultos mayores en el Centro Cultural Universitario"},"content":{"rendered":"\n<p>Las propuestas son brindadas por el Programa Universitario de Personas Mayores (PUPEMA) en conjunto con la Facultad de Ciencias Sociales.<\/p>\n\n\n\n<hr class=\"wp-block-separator aligncenter has-alpha-channel-opacity\"\/>\n\n\n\n<p>A partir del corriente mes se dictar\u00e1n <strong>diversos talleres en el Centro Cultural Universitario<\/strong> destinados para<strong> adultos mayores.<\/strong><\/p>\n\n\n\n<p><\/p>\n\n\n\n<p>Las propuestas son brindadas por el <strong>Programa Universitario de Personas Mayores<\/strong> (PUPEMA) que depende de la Secretar\u00eda de Extensi\u00f3n, Bienestar y Transferencia de la Facultad de Ciencias Sociales.<\/p>\n\n\n\n<p><\/p>\n\n\n\n<p>Los talleres <strong>comenzar\u00e1n a dictarse a partir de este martes <\/strong>y se llevar\u00e1n adelante en <strong>San Mart\u00edn 1955<\/strong> (CCU). Todos las propuestas se desarrollar\u00e1n de <strong>manera presencial<\/strong>, y para realizar consultas o inscribirse aquellos\/as que est\u00e9n interesados\/as deben escribir al <strong>WhatsApp 2284-15500331.<\/strong><\/p>\n\n\n\n<p><\/p>\n\n\n\n<p>El Programa Universitario de Personas Mayores de la FACSO tiene el objetivo de \u201c<em>generar espacios socio educativos a partir de la realizaci\u00f3n de talleres y actividades culturales destinadas a personas mayores\u201d.<\/em><\/p>\n\n\n\n<p><\/p>\n\n\n\n<blockquote class=\"wp-block-quote is-layout-flow wp-block-quote-is-layout-flow\">\n<p>No es necesario acreditar formaci\u00f3n previa ni t\u00edtulos para participar de las propuestas ya que la premisa que sustenta el espacio busca \u201cgarantizar la educaci\u00f3n permanente a lo largo de la vida y tambi\u00e9n propiciar la vinculaci\u00f3n con otras organizaciones de la comunidad\u201d.<\/p>\n<\/blockquote>\n\n\n\n<p><\/p>\n\n\n\n<p>Los talleres contar\u00e1n con un<strong> arancel mensual de $2000<\/strong>. Consultar por becas al WhatsApp 2284-15500331 o a la l\u00ednea fija 02284-670330.<\/p>\n\n\n\n<p><\/p>\n\n\n\n<p class=\"has-medium-font-size\"><strong>Talleres y propuestas <\/strong><\/p>\n\n\n\n<p class=\"has-medium-font-size\"><strong>Taller: El uso del celular en la vida cotidiana: socializaci\u00f3n, entretenimiento y gesti\u00f3n<\/strong><\/p>\n\n\n\n<p>Docente: Milagros Pianciola.<\/p>\n\n\n\n<p>D\u00eda y horario:<strong> inicia el mi\u00e9rcoles 17 de abril de 14 a 16 horas. Duraci\u00f3n: 2 meses.<\/strong><\/p>\n\n\n\n<p>En el actual contexto de avance tecnol\u00f3gico la mayor\u00eda de las actividades que se realizan en la vida cotidiana est\u00e1n atravesadas por el uso de internet y aplicaciones mediante el celular.<\/p>\n\n\n\n<p>Hoy en d\u00eda este dispositivo m\u00f3vil se utiliza para casi todo, como por ejemplo comunicarse, entretenerse, realizar tr\u00e1mites, ver noticias, y en general estar conectado.<\/p>\n\n\n\n<p>Muchas de las personas mayores que hoy en d\u00eda conviven con esta tecnolog\u00eda y estas nuevas formas de vincularse, crecieron y vivieron la mayor parte de su vida en otro contexto donde todo era diferente.<\/p>\n\n\n\n<p>Por lo tanto, para mantenerse insertados socialmente, es importante que aprendan a manejarse mediante el celular para las actividades cotidianas. Tambi\u00e9n utilizarlo como m\u00e9todo de entretenimiento y esparcimiento.<\/p>\n\n\n\n<p>Se tomar\u00e1n en cuenta los siguientes contenidos:<\/p>\n\n\n\n<p>&#8211; Realizar una aproximaci\u00f3n al mundo tecnol\u00f3gico del celular e internet.<\/p>\n\n\n\n<p>&#8211; Incorporar nuevos conocimientos en torno al uso del celular.<\/p>\n\n\n\n<p>&#8211; Generar un espacio de di\u00e1logo y trabajo colaborativo durante los encuentros.<\/p>\n\n\n\n<p>&#8211; Brindar herramientas para resolver cuestiones de la vida cotidiana a trav\u00e9s del celular.<\/p>\n\n\n\n<p>&#8211; Promover el uso adecuado y responsable del mismo.<\/p>\n\n\n\n<p>&#8211; Reconocer nuevas formas de socializaci\u00f3n a trav\u00e9s de las redes sociales.<\/p>\n\n\n\n<p><\/p>\n\n\n\n<p class=\"has-medium-font-size\"><strong>Taller de trabajo con acuarelas y tinta china<\/strong><\/p>\n\n\n\n<p>Docente a cargo: Pilar Garc\u00eda<\/p>\n\n\n\n<p>D\u00eda y horario: <strong>comienza el martes 16 de abril de 13:30 a 15:30 horas.<\/strong><\/p>\n\n\n\n<p>Se trata de un lugar de encuentro, un \u00e1mbito de expresi\u00f3n creadora donde desarrollar la sensibilidad y la imaginaci\u00f3n.<\/p>\n\n\n\n<p>El arte no solo nos conecta con nuestro universo subjetivo si no que nos comunica con la sensibilidad de los dem\u00e1s, la pr\u00e1ctica o la contemplaci\u00f3n art\u00edstica une a las personas de una forma especial.<\/p>\n\n\n\n<p>En este taller se trabajar\u00e1 con dos t\u00e9cnicas: la acuarela y la tinta china. Los\/as participantes podr\u00e1n adentrarse en un mar de transparencias, aguadas y veladuras.<\/p>\n\n\n\n<p>Descubrir\u00e1n las cualidades \u00fanicas de estos materiales, su accidentalidad, la acci\u00f3n de la materia sobre el papel, c\u00f3mo se expande, se funde y se mezcla generando nuevas texturas y espacios.<\/p>\n\n\n\n<p>Recorriendo la obra de artistas incre\u00edbles van a poder reconocer recursos, entender la connotaci\u00f3n de las im\u00e1genes, experimentar sobre diferentes soportes, para desembocar en la producci\u00f3n de una obra propia cargada de significado.<\/p>\n\n\n\n<p>Se espera despertar la inquietud art\u00edstica de los\/as participantes, que la experiencia los\/as motive para que sigan produciendo, participando y conect\u00e1ndose con ellos mismos como con los dem\u00e1s.<\/p>\n\n\n\n<p>Materiales necesarios: acuarelas, tinta china, pinceles, hojas de alto gramaje y hieleras para poner pintura y agua.<\/p>\n","protected":false},"excerpt":{"rendered":"<p>Las propuestas son brindadas por el Programa Universitario de Personas Mayores (PUPEMA) en conjunto con la Facultad de Ciencias Sociales.<\/p>\n","protected":false},"author":6,"featured_media":81938,"comment_status":"closed","ping_status":"closed","sticky":false,"template":"","format":"standard","meta":{"_jetpack_memberships_contains_paid_content":false,"footnotes":""},"categories":[9,1],"tags":[],"class_list":["post-113766","post","type-post","status-publish","format-standard","has-post-thumbnail","hentry","category-cultura","category-portada"],"jetpack_featured_media_url":"https:\/\/i0.wp.com\/cdnoticias.com\/wp-content\/uploads\/2023\/04\/Centro-Cultural-Universitario-1.jpg?fit=1280%2C712&ssl=1","jetpack_sharing_enabled":true,"_links":{"self":[{"href":"https:\/\/cdnoticias.com\/index.php\/wp-json\/wp\/v2\/posts\/113766","targetHints":{"allow":["GET"]}}],"collection":[{"href":"https:\/\/cdnoticias.com\/index.php\/wp-json\/wp\/v2\/posts"}],"about":[{"href":"https:\/\/cdnoticias.com\/index.php\/wp-json\/wp\/v2\/types\/post"}],"author":[{"embeddable":true,"href":"https:\/\/cdnoticias.com\/index.php\/wp-json\/wp\/v2\/users\/6"}],"replies":[{"embeddable":true,"href":"https:\/\/cdnoticias.com\/index.php\/wp-json\/wp\/v2\/comments?post=113766"}],"version-history":[{"count":0,"href":"https:\/\/cdnoticias.com\/index.php\/wp-json\/wp\/v2\/posts\/113766\/revisions"}],"wp:featuredmedia":[{"embeddable":true,"href":"https:\/\/cdnoticias.com\/index.php\/wp-json\/wp\/v2\/media\/81938"}],"wp:attachment":[{"href":"https:\/\/cdnoticias.com\/index.php\/wp-json\/wp\/v2\/media?parent=113766"}],"wp:term":[{"taxonomy":"category","embeddable":true,"href":"https:\/\/cdnoticias.com\/index.php\/wp-json\/wp\/v2\/categories?post=113766"},{"taxonomy":"post_tag","embeddable":true,"href":"https:\/\/cdnoticias.com\/index.php\/wp-json\/wp\/v2\/tags?post=113766"}],"curies":[{"name":"wp","href":"https:\/\/api.w.org\/{rel}","templated":true}]}}