{"id":113758,"date":"2024-04-15T16:25:58","date_gmt":"2024-04-15T19:25:58","guid":{"rendered":"https:\/\/cdnoticias.com\/?p=113758"},"modified":"2024-04-15T19:07:26","modified_gmt":"2024-04-15T22:07:26","slug":"allanamientos-en-olavarria-y-la-unidad-27-tres-detenidos-por-estafas-virtuales","status":"publish","type":"post","link":"https:\/\/cdnoticias.com\/index.php\/2024\/04\/15\/allanamientos-en-olavarria-y-la-unidad-27-tres-detenidos-por-estafas-virtuales\/","title":{"rendered":"Allanamientos en Olavarr\u00eda y la Unidad 27: tres detenidos por estafas virtuales"},"content":{"rendered":"<p>La investigaci\u00f3n comenz\u00f3 en febrero del a\u00f1o pasado y tuvo como damnificados a varios azule\u00f1os, luego de que le hackearan su WhatsApp a un peluquero. Dos varones y una mujer fueron detenidos este lunes.<!--more--><\/p>\n<hr \/>\n<p>La investigaci\u00f3n por tres hechos de <strong>&#8220;estafa&#8221;<\/strong> de tipo virtual que en febrero del a\u00f1o pasado tuvieron como damnificados a varios azule\u00f1os, luego de que le hackearan su WhatsApp a un peluquero, deriv\u00f3 en las <strong>detenciones de dos varones y de una mujer.<\/strong><\/p>\n<p>Los procedimientos, seg\u00fan lo informado a EL TIEMPO, fueron realizados este lunes por agentes de la DDI Azul.<\/p>\n<p><strong>Dos de las medidas cautelares se hicieron efectivas en Olavarr\u00eda. Y la tercera, en la Unidad 27<\/strong>, una de las c\u00e1rceles del complejo penitenciario que est\u00e1 en Sierra Chica.<\/p>\n<p>En esa unidad penal fue notificado de que<strong> quedaba detenido en el marco de esta investigaci\u00f3n penal un interno que fue identificado por voceros policiales y judiciales como Franco Emmanuel Bariazarra, de 37 a\u00f1os de edad,<\/strong> a quien se le incaut\u00f3 su celular.<\/p>\n<p>Las dem\u00e1s detenciones se llevaron a cabo, junto con respectivos allanamientos, en dos domicilios de Olavarr\u00eda.<strong> Fueron arrestados un var\u00f3n y una mujer, a quienes voceros ligados a esta Investigaci\u00f3n Penal Preparatoria identificaron como Pablo Alejandro Corrente, de 40 a\u00f1os de edad, y Laura Abigail Merlos (28).<\/strong><\/p>\n<p>El preso fue notificado este lunes en la Unidad 27 de Sierra Chica, donde est\u00e1 preso por otros delitos, de que quedaba detenido tambi\u00e9n en el marco de esta causa donde es considerado el autor de esos tres hechos de &#8220;estafa&#8221; que se siguen investigando. En tanto, a los dem\u00e1s detenidos los se\u00f1alan como <strong>&#8220;part\u00edcipes necesarios&#8221;<\/strong> de esas maniobras configurativas del mencionado il\u00edcito.<\/p>\n<p>Ambos permanecen transitoriamente alojados en la sede de la DDI Azul luego de lo que fueron sus detenciones en Olavarr\u00eda. Y hab\u00eda sido previsto que el martes fueron trasladados al Palacio de Justicia local para que los indaguen en el marco de este sumario penal, que se tramita desde la<strong> UFI 22 a cargo de Lucas Moyano.<\/strong><\/p>\n<p><strong>El fiscal hab\u00eda solicitado las detenciones y los allanamientos<\/strong> que, ordenados desde el Juzgado de Garant\u00edas 2 por el magistrado Federico Barberena, los efectivos de seguridad hicieron este lunes en la Unidad 27 de Sierra Chica y en los domicilios, ambos de Olavarr\u00eda, donde residen Corrente y Merlos.<\/p>\n<p>Con relaci\u00f3n a esas dos diligencias desarrolladas en la vecina ciudad, una de ellas tuvo como escenario un inmueble situado sobre la calle San Juan, donde se secuestr\u00f3 tambi\u00e9n un tel\u00e9fono celular y se llev\u00f3 a cabo la detenci\u00f3n de Corrente. En tanto, en una vivienda ubicada sobre la calle Lebhenson hab\u00eda sido detenida la joven Merlos, incaut\u00e1ndose durante ese procedimiento otro tel\u00e9fono m\u00f3vil que estaba en poder de la ahora encausada.<\/p>\n<p>Seg\u00fan ha podido determinarse a trav\u00e9s de la investigaci\u00f3n que se contin\u00faa llevando adelante, Merlos es &#8220;concubina&#8221; del recluso alojado en la Unidad 27. Y Corrente, el otro detenido hoy lunes en Olavarr\u00eda por estas estafas virtuales, es &#8220;hermano por parte de madre&#8221; del interno Bariazarra.<\/p>\n<p><em>Fuente: Diario El Tiempo.<\/em><\/p>\n","protected":false},"excerpt":{"rendered":"<p>La investigaci\u00f3n comenz\u00f3 en febrero del a\u00f1o pasado y tuvo como damnificados a varios azule\u00f1os, luego de que le hackearan<\/p>\n","protected":false},"author":2,"featured_media":113759,"comment_status":"closed","ping_status":"closed","sticky":false,"template":"","format":"standard","meta":{"_jetpack_memberships_contains_paid_content":false,"footnotes":""},"categories":[14,1],"tags":[],"class_list":["post-113758","post","type-post","status-publish","format-standard","has-post-thumbnail","hentry","category-policiales","category-portada"],"jetpack_featured_media_url":"https:\/\/i0.wp.com\/cdnoticias.com\/wp-content\/uploads\/2024\/04\/allanamientos-detencion-estafa-virutal.jpeg?fit=800%2C445&ssl=1","jetpack_sharing_enabled":true,"_links":{"self":[{"href":"https:\/\/cdnoticias.com\/index.php\/wp-json\/wp\/v2\/posts\/113758","targetHints":{"allow":["GET"]}}],"collection":[{"href":"https:\/\/cdnoticias.com\/index.php\/wp-json\/wp\/v2\/posts"}],"about":[{"href":"https:\/\/cdnoticias.com\/index.php\/wp-json\/wp\/v2\/types\/post"}],"author":[{"embeddable":true,"href":"https:\/\/cdnoticias.com\/index.php\/wp-json\/wp\/v2\/users\/2"}],"replies":[{"embeddable":true,"href":"https:\/\/cdnoticias.com\/index.php\/wp-json\/wp\/v2\/comments?post=113758"}],"version-history":[{"count":0,"href":"https:\/\/cdnoticias.com\/index.php\/wp-json\/wp\/v2\/posts\/113758\/revisions"}],"wp:featuredmedia":[{"embeddable":true,"href":"https:\/\/cdnoticias.com\/index.php\/wp-json\/wp\/v2\/media\/113759"}],"wp:attachment":[{"href":"https:\/\/cdnoticias.com\/index.php\/wp-json\/wp\/v2\/media?parent=113758"}],"wp:term":[{"taxonomy":"category","embeddable":true,"href":"https:\/\/cdnoticias.com\/index.php\/wp-json\/wp\/v2\/categories?post=113758"},{"taxonomy":"post_tag","embeddable":true,"href":"https:\/\/cdnoticias.com\/index.php\/wp-json\/wp\/v2\/tags?post=113758"}],"curies":[{"name":"wp","href":"https:\/\/api.w.org\/{rel}","templated":true}]}}