{"id":113753,"date":"2024-04-15T13:24:09","date_gmt":"2024-04-15T16:24:09","guid":{"rendered":"https:\/\/cdnoticias.com\/?p=113753"},"modified":"2024-04-15T13:24:11","modified_gmt":"2024-04-15T16:24:11","slug":"vuelve-mercados-bonaerenses-estara-en-barrio-ceco-ii","status":"publish","type":"post","link":"https:\/\/cdnoticias.com\/index.php\/2024\/04\/15\/vuelve-mercados-bonaerenses-estara-en-barrio-ceco-ii\/","title":{"rendered":"Vuelve Mercados Bonaerenses: estar\u00e1 en barrio CECO II"},"content":{"rendered":"\n<p>Ser\u00e1 el pr\u00f3ximo viernes 19 de abril por la tarde. Habr\u00e1, adem\u00e1s de l\u00e1cteos, pastas y pescados, productores locales con panificados dulces y salados, bebidas, quesos, plantas, plantines, miel y productos sin TACC.<\/p>\n\n\n\n<hr class=\"wp-block-separator aligncenter has-alpha-channel-opacity\"\/>\n\n\n\n<p>Desde la Secretar\u00eda de Desarrollo Econ\u00f3mico del Municipio <strong>se inform\u00f3 el regreso de Mercados Bonaerenses a Olavarr\u00eda. Ser\u00e1 el pr\u00f3ximo viernes 19 de abril de 10:00 a 17:00 horas en la plaza del barrio CECO II (Av. Trabajadores y Laprida).<\/strong><\/p>\n\n\n\n<p>La feria contar\u00e1 con la<strong> participaci\u00f3n de productores locales entre los cuales se podr\u00e1n encontrar elaboraciones como panificados dulces y salados, bebidas, quesos, plantas y plantines, miel y productos sin TACC.<\/strong><\/p>\n\n\n\n<blockquote class=\"wp-block-quote is-layout-flow wp-block-quote-is-layout-flow\">\n<p>Adem\u00e1s, participar\u00e1n de la feria dos camiones del Ministerio de Desarrollo Agrario bonaerense, que dispondr\u00e1n productos l\u00e1cteos, pastas y pescados: estos \u00faltimos dos rubros 40% de descuento con Cuenta DNI (tope de reintegro $3000).<\/p>\n<\/blockquote>\n\n\n\n<p><strong>Se solicita a los asistentes llevar bolsas para sus compras.<\/strong><\/p>\n\n\n\n<p class=\"has-large-font-size\">Sobre Mercados Bonaerenses<\/p>\n\n\n\n<p>El Programa<strong> pertenece al Ministerio de Desarrollo Agrario de la Provincia de Buenos Aires, promociona la producci\u00f3n y el consumo de Alimentos Bonaerenses acercando a productores, productoras, consumidores y consumidoras a trav\u00e9s de una red de ferias y mercados en toda la provincia de Buenos Aires.<\/strong><\/p>\n\n\n\n<p>Asimismo, tiene por objetivo <strong>fortalecer y asistir experiencias de producci\u00f3n, comercializaci\u00f3n y abastecimiento local de agroalimentos<\/strong>, que se desarrollen en el \u00e1mbito de la provincia de Buenos Aires; fomentar la producci\u00f3n y el consumo de \u201cAlimentos Bonaerenses\u201d a trav\u00e9s de la asistencia, formalizaci\u00f3n y capacitaci\u00f3n a productores, comercializadores y municipios, para crear, ampliar y fortalecer mercados y ferias de alimentos fijas o itinerantes.<\/p>\n\n\n\n<p><strong>Por \u00faltimo, se informa que esta actividad tendr\u00e1 continuidad durante todo el a\u00f1o.<\/strong> Cabe recordar que ya se han llevado a cabo dos ediciones del programa, la primera en el mes de febrero en el Parque Eva Per\u00f3n y la segunda, m\u00e1s recientemente, el 26 de marzo en Parque Avellaneda, con una muy buena convocatoria en cada oportunidad, debido a la cantidad y calidad de ofertas que se ofrecen.<\/p>\n","protected":false},"excerpt":{"rendered":"<p>Ser\u00e1 el pr\u00f3ximo viernes 19 de abril por la tarde. Habr\u00e1, adem\u00e1s de l\u00e1cteos, pastas y pescados, productores locales con<\/p>\n","protected":false},"author":2,"featured_media":109465,"comment_status":"closed","ping_status":"closed","sticky":false,"template":"","format":"standard","meta":{"_jetpack_memberships_contains_paid_content":false,"footnotes":""},"categories":[5,1],"tags":[],"class_list":["post-113753","post","type-post","status-publish","format-standard","has-post-thumbnail","hentry","category-informacion-general","category-portada"],"jetpack_featured_media_url":"https:\/\/i0.wp.com\/cdnoticias.com\/wp-content\/uploads\/2024\/02\/mercados-bonaerenses-primera-edicion-1.jpg?fit=1000%2C625&ssl=1","jetpack_sharing_enabled":true,"_links":{"self":[{"href":"https:\/\/cdnoticias.com\/index.php\/wp-json\/wp\/v2\/posts\/113753","targetHints":{"allow":["GET"]}}],"collection":[{"href":"https:\/\/cdnoticias.com\/index.php\/wp-json\/wp\/v2\/posts"}],"about":[{"href":"https:\/\/cdnoticias.com\/index.php\/wp-json\/wp\/v2\/types\/post"}],"author":[{"embeddable":true,"href":"https:\/\/cdnoticias.com\/index.php\/wp-json\/wp\/v2\/users\/2"}],"replies":[{"embeddable":true,"href":"https:\/\/cdnoticias.com\/index.php\/wp-json\/wp\/v2\/comments?post=113753"}],"version-history":[{"count":0,"href":"https:\/\/cdnoticias.com\/index.php\/wp-json\/wp\/v2\/posts\/113753\/revisions"}],"wp:featuredmedia":[{"embeddable":true,"href":"https:\/\/cdnoticias.com\/index.php\/wp-json\/wp\/v2\/media\/109465"}],"wp:attachment":[{"href":"https:\/\/cdnoticias.com\/index.php\/wp-json\/wp\/v2\/media?parent=113753"}],"wp:term":[{"taxonomy":"category","embeddable":true,"href":"https:\/\/cdnoticias.com\/index.php\/wp-json\/wp\/v2\/categories?post=113753"},{"taxonomy":"post_tag","embeddable":true,"href":"https:\/\/cdnoticias.com\/index.php\/wp-json\/wp\/v2\/tags?post=113753"}],"curies":[{"name":"wp","href":"https:\/\/api.w.org\/{rel}","templated":true}]}}