{"id":113693,"date":"2024-04-14T10:37:30","date_gmt":"2024-04-14T13:37:30","guid":{"rendered":"https:\/\/cdnoticias.com\/?p=113693"},"modified":"2024-04-14T10:37:33","modified_gmt":"2024-04-14T13:37:33","slug":"hugo-amor-presidente-provincial-de-unidad-popular-visito-olavarria","status":"publish","type":"post","link":"https:\/\/cdnoticias.com\/index.php\/2024\/04\/14\/hugo-amor-presidente-provincial-de-unidad-popular-visito-olavarria\/","title":{"rendered":"Hugo Amor, presidente provincial de Unidad Popular, visit\u00f3 Olavarr\u00eda"},"content":{"rendered":"\n<p>Mantuvo un encuentro con la delegaci\u00f3n olavarriense del espacio para abordar la coyuntura local y provincial frente al gobierno de Javier Milei.<\/p>\n\n\n\n<hr class=\"wp-block-separator has-alpha-channel-opacity\"\/>\n\n\n\n<p>Este s\u00e1bado, el<strong> presidente provincial de Unidad Popular Hugo Amor, estuvo en Olavarr\u00eda.<\/strong> Particip\u00f3 de un encuentro que se realiz\u00f3 este s\u00e1bado, en la sede del sindicato de ATE y fue recibido por la delegaci\u00f3n de UP Olavarr\u00eda que coordina Guillermo P\u00e9rez.<\/p>\n\n\n\n<p><\/p>\n\n\n\n<p>Indicaron que \u201c<strong>se abord\u00f3 la coyuntura local y provincial frente al gobierno nacional de Javier Milei<\/strong> que destruye los ingresos, el empleo, los derechos, el aparato productivo y las condiciones de vida de todos los argentinos\u201d.<\/p>\n\n\n\n<p><\/p>\n\n\n\n<p>Los participantes arribaron a la conclusi\u00f3n que \u201cfrente a este ajuste perpetuo<strong> la unidad popular debe ser la fuerza para la construcci\u00f3n de un nuevo frente popular y emancipador <\/strong>que termine con las pol\u00edticas de saqueo y disoluci\u00f3n nacional que hoy est\u00e1n agrediendo a toda la sociedad argentina\u201d, concluyeron.<\/p>\n","protected":false},"excerpt":{"rendered":"<p>Mantuvo un encuentro con la delegaci\u00f3n olavarriense del espacio para abordar la coyuntura local y provincial frente al gobierno de<\/p>\n","protected":false},"author":2,"featured_media":113694,"comment_status":"closed","ping_status":"closed","sticky":false,"template":"","format":"standard","meta":{"_jetpack_memberships_contains_paid_content":false,"footnotes":""},"categories":[4,1],"tags":[],"class_list":["post-113693","post","type-post","status-publish","format-standard","has-post-thumbnail","hentry","category-politica","category-portada"],"jetpack_featured_media_url":"https:\/\/i0.wp.com\/cdnoticias.com\/wp-content\/uploads\/2024\/04\/hugo-amor.jpg?fit=800%2C445&ssl=1","jetpack_sharing_enabled":true,"_links":{"self":[{"href":"https:\/\/cdnoticias.com\/index.php\/wp-json\/wp\/v2\/posts\/113693","targetHints":{"allow":["GET"]}}],"collection":[{"href":"https:\/\/cdnoticias.com\/index.php\/wp-json\/wp\/v2\/posts"}],"about":[{"href":"https:\/\/cdnoticias.com\/index.php\/wp-json\/wp\/v2\/types\/post"}],"author":[{"embeddable":true,"href":"https:\/\/cdnoticias.com\/index.php\/wp-json\/wp\/v2\/users\/2"}],"replies":[{"embeddable":true,"href":"https:\/\/cdnoticias.com\/index.php\/wp-json\/wp\/v2\/comments?post=113693"}],"version-history":[{"count":0,"href":"https:\/\/cdnoticias.com\/index.php\/wp-json\/wp\/v2\/posts\/113693\/revisions"}],"wp:featuredmedia":[{"embeddable":true,"href":"https:\/\/cdnoticias.com\/index.php\/wp-json\/wp\/v2\/media\/113694"}],"wp:attachment":[{"href":"https:\/\/cdnoticias.com\/index.php\/wp-json\/wp\/v2\/media?parent=113693"}],"wp:term":[{"taxonomy":"category","embeddable":true,"href":"https:\/\/cdnoticias.com\/index.php\/wp-json\/wp\/v2\/categories?post=113693"},{"taxonomy":"post_tag","embeddable":true,"href":"https:\/\/cdnoticias.com\/index.php\/wp-json\/wp\/v2\/tags?post=113693"}],"curies":[{"name":"wp","href":"https:\/\/api.w.org\/{rel}","templated":true}]}}