{"id":113665,"date":"2024-04-13T17:29:43","date_gmt":"2024-04-13T20:29:43","guid":{"rendered":"https:\/\/cdnoticias.com\/?p=113665"},"modified":"2024-04-13T17:29:45","modified_gmt":"2024-04-13T20:29:45","slug":"pedro-saborido-dara-una-charla-libre-y-gratuita-en-el-teatro","status":"publish","type":"post","link":"https:\/\/cdnoticias.com\/index.php\/2024\/04\/13\/pedro-saborido-dara-una-charla-libre-y-gratuita-en-el-teatro\/","title":{"rendered":"Pedro Saborido dar\u00e1 una charla libre y gratuita en el Teatro"},"content":{"rendered":"\n<p>Ser\u00e1 el pr\u00f3ximo viernes 19 de abril a las 20:00 horas. Har\u00e1 un recorrido en torno a las narrativas que se constituyen como ejes fundamentales a la hora de pensar en la configuraci\u00f3n identitaria de la provincia de Buenos Aires.<\/p>\n\n\n\n<hr class=\"wp-block-separator aligncenter has-alpha-channel-opacity\"\/>\n\n\n\n<p>La Municipalidad de Olavarr\u00eda y el Instituto Cultural de la Provincia de Buenos Aires invitan a los vecinos a<strong> participar de la charla \u201cUn viaje por el universo bonaerense\u201d de Pedro Saborido, que se presentar\u00e1 el pr\u00f3ximo viernes 19 de abril, a las 20 horas, en el Teatro Municipal.<\/strong><\/p>\n\n\n\n<blockquote class=\"wp-block-quote is-layout-flow wp-block-quote-is-layout-flow\">\n<p>Saborido har\u00e1 un recorrido en torno a las narrativas que se constituyen como ejes fundamentales a la hora de pensar en la configuraci\u00f3n identitaria de la provincia de Buenos Aires.<\/p>\n<\/blockquote>\n\n\n\n<p><a href=\"https:\/\/docs.google.com\/forms\/d\/e\/1FAIpQLSdRKazjsW6p0rOvKVC0NqIvfE7bzCQjOB-B56NgJgBKtYq64A\/viewform\" target=\"_blank\" rel=\"noreferrer noopener\">La propuesta, enmarcada en el ciclo \u201cCaf\u00e9 Cultura\u201d, es con entrada libre y gratuita, con inscripci\u00f3n previa en el siguiente formulario<\/a>. Una vez completado el formulario, <strong>deber\u00e1n retirar las entradas por Boleter\u00eda del Teatro Municipal, de lunes a viernes, de 8 a 13 horas, y hasta dos horas antes de la presentaci\u00f3n.<\/strong><\/p>\n\n\n\n<p>El ciclo \u201cCaf\u00e9 Cultura\u201d tiene como objetivo<strong> reconocer la identidad bonaerense desde la diversidad entre artistas y vecinos de los 135 municipios. <\/strong>A fin de que la tem\u00e1tica no sea s\u00f3lo impuesta por los disertantes, se intenta crear puentes que incluyan opiniones, visiones, debates e ideas entre los exponentes y el p\u00fablico.<\/p>\n\n\n\n<p>El recorrido de \u201cCaf\u00e9 Cultura\u201d por los distintos municipios de la provincia de Buenos Aires, <strong>apuesta a la participaci\u00f3n, a la escucha y a la comprensi\u00f3n de una divergencia identitaria hist\u00f3rica y existente.<\/strong><\/p>\n\n\n\n<figure class=\"wp-block-image size-full\"><img data-recalc-dims=\"1\" loading=\"lazy\" decoding=\"async\" width=\"800\" height=\"800\" src=\"https:\/\/i0.wp.com\/cdnoticias.com\/wp-content\/uploads\/2024\/04\/Saborido-1024x1024-1.jpeg?resize=800%2C800&#038;ssl=1\" alt=\"\" class=\"wp-image-113667\" srcset=\"https:\/\/i0.wp.com\/cdnoticias.com\/wp-content\/uploads\/2024\/04\/Saborido-1024x1024-1.jpeg?w=1024&amp;ssl=1 1024w, https:\/\/i0.wp.com\/cdnoticias.com\/wp-content\/uploads\/2024\/04\/Saborido-1024x1024-1.jpeg?resize=300%2C300&amp;ssl=1 300w, https:\/\/i0.wp.com\/cdnoticias.com\/wp-content\/uploads\/2024\/04\/Saborido-1024x1024-1.jpeg?resize=150%2C150&amp;ssl=1 150w, https:\/\/i0.wp.com\/cdnoticias.com\/wp-content\/uploads\/2024\/04\/Saborido-1024x1024-1.jpeg?resize=768%2C768&amp;ssl=1 768w\" sizes=\"auto, (max-width: 800px) 100vw, 800px\" \/><\/figure>\n\n\n\n<p><strong>Pedro Saborido es escritor, guionista, productor y director de radio, teatro, cine y televisi\u00f3n. <\/strong>Particip\u00f3 en proyectos como Peter Capusotto y sus videos (2006-2019); Todo por dos pesos (1999-2002); Raviolandia Radio Bit Box (2011-Actualidad); Mundo disperso, Radio AM 750 (2019), entre otros. Realiz\u00f3 una columna cultural en la radio Futur\u00f6ck y un podcast C\u00e1tedras Devaluadas, junto a Natal\u00ed Incaminato.<\/p>\n\n\n\n<p>Comparte junto a N\u00e9stor Borri y Santiago Barassi el podcast \u201cLa D\u00e9cada Sagrada\u201d. <strong>Es coautor de Peter Capusotto, el libro; Peter Capusotto fant\u00e1stico; y autor de Una historia del f\u00fatbol; Una historia del peronismo y; Una historia del conurbano. Tambi\u00e9n es guionista del cortometraje documental 818 Tong Shan Road, del cortometraje Chasqui y, es director y guionista de la pel\u00edcula Peter Capusotto y sus 3 dimensiones.<\/strong><\/p>\n","protected":false},"excerpt":{"rendered":"<p>Ser\u00e1 el pr\u00f3ximo viernes 19 de abril a las 20:00 horas. Har\u00e1 un recorrido en torno a las narrativas que<\/p>\n","protected":false},"author":2,"featured_media":113666,"comment_status":"closed","ping_status":"closed","sticky":false,"template":"","format":"standard","meta":{"_jetpack_memberships_contains_paid_content":false,"footnotes":""},"categories":[9,1],"tags":[],"class_list":["post-113665","post","type-post","status-publish","format-standard","has-post-thumbnail","hentry","category-cultura","category-portada"],"jetpack_featured_media_url":"https:\/\/i0.wp.com\/cdnoticias.com\/wp-content\/uploads\/2024\/04\/Pedro-Saborido.jpg?fit=960%2C638&ssl=1","jetpack_sharing_enabled":true,"_links":{"self":[{"href":"https:\/\/cdnoticias.com\/index.php\/wp-json\/wp\/v2\/posts\/113665","targetHints":{"allow":["GET"]}}],"collection":[{"href":"https:\/\/cdnoticias.com\/index.php\/wp-json\/wp\/v2\/posts"}],"about":[{"href":"https:\/\/cdnoticias.com\/index.php\/wp-json\/wp\/v2\/types\/post"}],"author":[{"embeddable":true,"href":"https:\/\/cdnoticias.com\/index.php\/wp-json\/wp\/v2\/users\/2"}],"replies":[{"embeddable":true,"href":"https:\/\/cdnoticias.com\/index.php\/wp-json\/wp\/v2\/comments?post=113665"}],"version-history":[{"count":0,"href":"https:\/\/cdnoticias.com\/index.php\/wp-json\/wp\/v2\/posts\/113665\/revisions"}],"wp:featuredmedia":[{"embeddable":true,"href":"https:\/\/cdnoticias.com\/index.php\/wp-json\/wp\/v2\/media\/113666"}],"wp:attachment":[{"href":"https:\/\/cdnoticias.com\/index.php\/wp-json\/wp\/v2\/media?parent=113665"}],"wp:term":[{"taxonomy":"category","embeddable":true,"href":"https:\/\/cdnoticias.com\/index.php\/wp-json\/wp\/v2\/categories?post=113665"},{"taxonomy":"post_tag","embeddable":true,"href":"https:\/\/cdnoticias.com\/index.php\/wp-json\/wp\/v2\/tags?post=113665"}],"curies":[{"name":"wp","href":"https:\/\/api.w.org\/{rel}","templated":true}]}}