{"id":113660,"date":"2024-04-13T16:42:05","date_gmt":"2024-04-13T19:42:05","guid":{"rendered":"https:\/\/cdnoticias.com\/?p=113660"},"modified":"2024-04-13T16:42:12","modified_gmt":"2024-04-13T19:42:12","slug":"todo-listo-para-la-reinauguracion-del-comite-radical-de-olavarria","status":"publish","type":"post","link":"https:\/\/cdnoticias.com\/index.php\/2024\/04\/13\/todo-listo-para-la-reinauguracion-del-comite-radical-de-olavarria\/","title":{"rendered":"Todo listo para la reinauguraci\u00f3n del Comit\u00e9 Radical de Olavarr\u00eda"},"content":{"rendered":"\n<p>Ser\u00e1 este s\u00e1bado desde las 19:00 horas, y luego de 11 a\u00f1os de su incendio intencional, tras much\u00edsimo trabajo y compromiso del Partido.<\/p>\n\n\n\n<hr class=\"wp-block-separator aligncenter has-alpha-channel-opacity\"\/>\n\n\n\n<p>Este <strong>s\u00e1bado 13 de abril volver\u00e1 a reabrir sus puertas oficialmente el Comit\u00e9 Radical de Olavarr\u00eda, a casi 11 a\u00f1os de su incendio intencional<\/strong> y luego de much\u00edsimo trabajo y compromiso.<\/p>\n\n\n\n<p><strong>La reinauguraci\u00f3n de la casa del radicalismo local ser\u00e1 a partir de las 19 horas, donde se llevar\u00e1n adelante diversas actividades y propuestas pensadas para la especial ocasi\u00f3n.<\/strong><\/p>\n\n\n\n<p>El evento contar\u00e1 con la presencia de <strong>autoridades, dirigentes, referentes, militantes, familiares, amigos y la comunidad en general.<\/strong><\/p>\n","protected":false},"excerpt":{"rendered":"<p>Ser\u00e1 este s\u00e1bado desde las 19:00 horas, y luego de 11 a\u00f1os de su incendio intencional, tras much\u00edsimo trabajo y<\/p>\n","protected":false},"author":2,"featured_media":92135,"comment_status":"closed","ping_status":"closed","sticky":false,"template":"","format":"standard","meta":{"_jetpack_memberships_contains_paid_content":false,"footnotes":""},"categories":[4,1],"tags":[],"class_list":["post-113660","post","type-post","status-publish","format-standard","has-post-thumbnail","hentry","category-politica","category-portada"],"jetpack_featured_media_url":"https:\/\/i0.wp.com\/cdnoticias.com\/wp-content\/uploads\/2023\/08\/ucr-comite1.jpg?fit=1072%2C597&ssl=1","jetpack_sharing_enabled":true,"_links":{"self":[{"href":"https:\/\/cdnoticias.com\/index.php\/wp-json\/wp\/v2\/posts\/113660","targetHints":{"allow":["GET"]}}],"collection":[{"href":"https:\/\/cdnoticias.com\/index.php\/wp-json\/wp\/v2\/posts"}],"about":[{"href":"https:\/\/cdnoticias.com\/index.php\/wp-json\/wp\/v2\/types\/post"}],"author":[{"embeddable":true,"href":"https:\/\/cdnoticias.com\/index.php\/wp-json\/wp\/v2\/users\/2"}],"replies":[{"embeddable":true,"href":"https:\/\/cdnoticias.com\/index.php\/wp-json\/wp\/v2\/comments?post=113660"}],"version-history":[{"count":0,"href":"https:\/\/cdnoticias.com\/index.php\/wp-json\/wp\/v2\/posts\/113660\/revisions"}],"wp:featuredmedia":[{"embeddable":true,"href":"https:\/\/cdnoticias.com\/index.php\/wp-json\/wp\/v2\/media\/92135"}],"wp:attachment":[{"href":"https:\/\/cdnoticias.com\/index.php\/wp-json\/wp\/v2\/media?parent=113660"}],"wp:term":[{"taxonomy":"category","embeddable":true,"href":"https:\/\/cdnoticias.com\/index.php\/wp-json\/wp\/v2\/categories?post=113660"},{"taxonomy":"post_tag","embeddable":true,"href":"https:\/\/cdnoticias.com\/index.php\/wp-json\/wp\/v2\/tags?post=113660"}],"curies":[{"name":"wp","href":"https:\/\/api.w.org\/{rel}","templated":true}]}}