{"id":113633,"date":"2024-04-12T19:47:53","date_gmt":"2024-04-12T22:47:53","guid":{"rendered":"https:\/\/cdnoticias.com\/?p=113633"},"modified":"2024-04-13T09:41:40","modified_gmt":"2024-04-13T12:41:40","slug":"un-joven-de-23-anos-resulto-grave-tras-un-violento-siniestro-vial","status":"publish","type":"post","link":"https:\/\/cdnoticias.com\/index.php\/2024\/04\/12\/un-joven-de-23-anos-resulto-grave-tras-un-violento-siniestro-vial\/","title":{"rendered":"Un joven de 23 a\u00f1os result\u00f3 grave tras un violento siniestro vial"},"content":{"rendered":"\n<p>Fue en la noche del jueves en Cerrito y Sarmiento. La v\u00edctima debi\u00f3 ser trasladada de urgencia al Hospital Municipal con pron\u00f3stico reservado.<\/p>\n\n\n\n<hr class=\"wp-block-separator aligncenter has-alpha-channel-opacity\"\/>\n\n\n\n<p>El jueves por la noche,<strong> un joven de 23 a\u00f1os sufri\u00f3 graves heridas al chocar, con su moto, contra un auto en Sarmiento y Cerrito. Est\u00e1 internado en el Hospital Municipal con pron\u00f3stico reservado.<\/strong><\/p>\n\n\n\n<p><strong>El motociclista, a bordo de un veh\u00edculo marca Motomel, circulaba por avenida Sarmiento cuando al llegar al cruce con Maip\u00fa impact\u00f3 violentamente contra un auto Fiat Punto.<\/strong><\/p>\n\n\n\n<p>Por la violencia del impacto,<strong> una ambulancia de SEM debi\u00f3 trasladar al joven al Hospital Municipal,<\/strong> donde se inform\u00f3 que sufri\u00f3 fracturas en la zona de la cara y fuertes golpes en la cabeza. Qued\u00f3 internado con pron\u00f3stico reservado en terapia intensiva.<\/p>\n\n\n\n<p>En el lugar <strong>actu\u00f3 personal de Comando de Patrullas y de Polic\u00eda Cient\u00edfica que realiz\u00f3 las tareas de peritajes pertinentes, en una causa que fue caratulada como \u201cLesiones culposas\u201d <\/strong>y tiene como imputado al hombre de 76 a\u00f1os que conduc\u00eda el auto, un Fiat Punto.<\/p>\n\n\n\n<p>Interviene la UFI N\u00b04 a cargo de la doctora Paula Serrano.<\/p>\n","protected":false},"excerpt":{"rendered":"<p>Fue en la noche del jueves en Cerrito y Sarmiento. La v\u00edctima debi\u00f3 ser trasladada de urgencia al Hospital Municipal<\/p>\n","protected":false},"author":2,"featured_media":113634,"comment_status":"closed","ping_status":"closed","sticky":false,"template":"","format":"standard","meta":{"_jetpack_memberships_contains_paid_content":false,"footnotes":""},"categories":[14,1],"tags":[],"class_list":["post-113633","post","type-post","status-publish","format-standard","has-post-thumbnail","hentry","category-policiales","category-portada"],"jetpack_featured_media_url":"https:\/\/i0.wp.com\/cdnoticias.com\/wp-content\/uploads\/2024\/04\/WhatsApp-Image-2024-04-12-at-18.08.48.jpeg?fit=828%2C427&ssl=1","jetpack_sharing_enabled":true,"_links":{"self":[{"href":"https:\/\/cdnoticias.com\/index.php\/wp-json\/wp\/v2\/posts\/113633","targetHints":{"allow":["GET"]}}],"collection":[{"href":"https:\/\/cdnoticias.com\/index.php\/wp-json\/wp\/v2\/posts"}],"about":[{"href":"https:\/\/cdnoticias.com\/index.php\/wp-json\/wp\/v2\/types\/post"}],"author":[{"embeddable":true,"href":"https:\/\/cdnoticias.com\/index.php\/wp-json\/wp\/v2\/users\/2"}],"replies":[{"embeddable":true,"href":"https:\/\/cdnoticias.com\/index.php\/wp-json\/wp\/v2\/comments?post=113633"}],"version-history":[{"count":0,"href":"https:\/\/cdnoticias.com\/index.php\/wp-json\/wp\/v2\/posts\/113633\/revisions"}],"wp:featuredmedia":[{"embeddable":true,"href":"https:\/\/cdnoticias.com\/index.php\/wp-json\/wp\/v2\/media\/113634"}],"wp:attachment":[{"href":"https:\/\/cdnoticias.com\/index.php\/wp-json\/wp\/v2\/media?parent=113633"}],"wp:term":[{"taxonomy":"category","embeddable":true,"href":"https:\/\/cdnoticias.com\/index.php\/wp-json\/wp\/v2\/categories?post=113633"},{"taxonomy":"post_tag","embeddable":true,"href":"https:\/\/cdnoticias.com\/index.php\/wp-json\/wp\/v2\/tags?post=113633"}],"curies":[{"name":"wp","href":"https:\/\/api.w.org\/{rel}","templated":true}]}}