{"id":113606,"date":"2024-04-12T17:23:36","date_gmt":"2024-04-12T20:23:36","guid":{"rendered":"https:\/\/cdnoticias.com\/?p=113606"},"modified":"2024-04-12T17:23:38","modified_gmt":"2024-04-12T20:23:38","slug":"clara-errobidart-viuda-de-etchegaray-clarita-q-e-p-d","status":"publish","type":"post","link":"https:\/\/cdnoticias.com\/index.php\/2024\/04\/12\/clara-errobidart-viuda-de-etchegaray-clarita-q-e-p-d\/","title":{"rendered":"Clara Errobidart viuda de Etchegaray &#8221;Clarita&#8221; (Q.E.P.D.)"},"content":{"rendered":"\n<hr class=\"wp-block-separator aligncenter has-alpha-channel-opacity\"\/>\n\n\n\n<p>Falleci\u00f3 en Olavarr\u00eda el 12 de abril de 2024 a los 84 a\u00f1os. Sus hijos Sonia, Juan y Elisabet. Sus hijos pol\u00edticos Oscar, Andrea y Fernando. Sus nietos Gabriel, Maximiliano, Mariana, Juan Jos\u00e9 y Tom\u00e1s. Sus sobrinos y dem\u00e1s deudos participan su fallecimiento.<\/p>\n\n\n\n<p>Sus restos ser\u00e1n inhumados en el Cementerio Loma de Paz este s\u00e1bado 13 de abril a las 09:30 horas. Servicio adherido a Coopelectric.<\/p>\n\n\n\n<p>Vecina de barrio Microcentro, jubilada y pensionada.<\/p>\n","protected":false},"excerpt":{"rendered":"<p>Falleci\u00f3 en Olavarr\u00eda el 12 de abril de 2024 a los 84 a\u00f1os. Sus hijos Sonia, Juan y Elisabet. Sus<\/p>\n","protected":false},"author":2,"featured_media":100390,"comment_status":"closed","ping_status":"closed","sticky":false,"template":"","format":"standard","meta":{"_jetpack_memberships_contains_paid_content":false,"footnotes":""},"categories":[10],"tags":[],"class_list":["post-113606","post","type-post","status-publish","format-standard","has-post-thumbnail","hentry","category-necrologicas"],"jetpack_featured_media_url":"https:\/\/i0.wp.com\/cdnoticias.com\/wp-content\/uploads\/2023\/10\/necrologicas-390-x-240.jpg?fit=390%2C240&ssl=1","jetpack_sharing_enabled":true,"_links":{"self":[{"href":"https:\/\/cdnoticias.com\/index.php\/wp-json\/wp\/v2\/posts\/113606","targetHints":{"allow":["GET"]}}],"collection":[{"href":"https:\/\/cdnoticias.com\/index.php\/wp-json\/wp\/v2\/posts"}],"about":[{"href":"https:\/\/cdnoticias.com\/index.php\/wp-json\/wp\/v2\/types\/post"}],"author":[{"embeddable":true,"href":"https:\/\/cdnoticias.com\/index.php\/wp-json\/wp\/v2\/users\/2"}],"replies":[{"embeddable":true,"href":"https:\/\/cdnoticias.com\/index.php\/wp-json\/wp\/v2\/comments?post=113606"}],"version-history":[{"count":0,"href":"https:\/\/cdnoticias.com\/index.php\/wp-json\/wp\/v2\/posts\/113606\/revisions"}],"wp:featuredmedia":[{"embeddable":true,"href":"https:\/\/cdnoticias.com\/index.php\/wp-json\/wp\/v2\/media\/100390"}],"wp:attachment":[{"href":"https:\/\/cdnoticias.com\/index.php\/wp-json\/wp\/v2\/media?parent=113606"}],"wp:term":[{"taxonomy":"category","embeddable":true,"href":"https:\/\/cdnoticias.com\/index.php\/wp-json\/wp\/v2\/categories?post=113606"},{"taxonomy":"post_tag","embeddable":true,"href":"https:\/\/cdnoticias.com\/index.php\/wp-json\/wp\/v2\/tags?post=113606"}],"curies":[{"name":"wp","href":"https:\/\/api.w.org\/{rel}","templated":true}]}}