{"id":113522,"date":"2024-04-11T19:30:42","date_gmt":"2024-04-11T22:30:42","guid":{"rendered":"https:\/\/cdnoticias.com\/?p=113522"},"modified":"2024-04-11T19:30:44","modified_gmt":"2024-04-11T22:30:44","slug":"se-inauguro-el-x-congreso-de-arqueologia-de-la-region-pampeana-argentina","status":"publish","type":"post","link":"https:\/\/cdnoticias.com\/index.php\/2024\/04\/11\/se-inauguro-el-x-congreso-de-arqueologia-de-la-region-pampeana-argentina\/","title":{"rendered":"Se inaugur\u00f3 el X Congreso de Arqueolog\u00eda de la Regi\u00f3n Pampeana Argentina"},"content":{"rendered":"\n<p>Comenz\u00f3 con una variedad de talleres y seminarios que se extender\u00e1n hasta el pr\u00f3ximo s\u00e1bado.<\/p>\n\n\n\n<hr class=\"wp-block-separator aligncenter has-alpha-channel-opacity\"\/>\n\n\n\n<p>En el cierre de la jornada del mi\u00e9rcoles se realiz\u00f3 el <strong>acto inaugural de la d\u00e9cima edici\u00f3n del Congreso de Arqueolog\u00eda de la Regi\u00f3n Pampeana Argentina<\/strong> en el Complejo Universitario de Olavarr\u00eda.<\/p>\n\n\n\n<p><\/p>\n\n\n\n<p>Se trata de un <strong>evento cient\u00edfico que constituye el principal espacio de intercambio y discusi\u00f3n de problem\u00e1ticas arqueol\u00f3gicas<\/strong> para las Pampas del Cono Sur.<\/p>\n\n\n\n<p><\/p>\n\n\n\n<p>Es organizado por el Instituto de Investigaciones Arqueol\u00f3gicas y Paleontol\u00f3gicas del Cuaternario Pampeano (INCUAPA \u2013 UE CONICET\/UNICEN), junto con la Facultad de Ciencias Sociales de la Universidad Nacional del Centro de la Provincia de Buenos Aires, y fue declarado de Inter\u00e9s Municipal por la Municipalidad de Olavarr\u00eda.<\/p>\n\n\n\n<p><\/p>\n\n\n\n<p>El acto fue encabezado por la decana de la Facultad de Ciencias Sociales, Lic. Gabriela Gamberini; el director del Instituto INCUAPA, Dr. Gustavo Mart\u00ednez, y por la comisi\u00f3n organizadora, los. Dres. Gustavo Politis y Gustavo Flensborg y la Dra. Gabriela Chaparro.<\/p>\n\n\n\n<p><\/p>\n\n\n\n<figure class=\"wp-block-image aligncenter size-full\"><img data-recalc-dims=\"1\" loading=\"lazy\" decoding=\"async\" width=\"800\" height=\"452\" src=\"https:\/\/i0.wp.com\/cdnoticias.com\/wp-content\/uploads\/2024\/04\/congreso-apertura.png?resize=800%2C452&#038;ssl=1\" alt=\"\" class=\"wp-image-113524\" srcset=\"https:\/\/i0.wp.com\/cdnoticias.com\/wp-content\/uploads\/2024\/04\/congreso-apertura.png?w=1000&amp;ssl=1 1000w, https:\/\/i0.wp.com\/cdnoticias.com\/wp-content\/uploads\/2024\/04\/congreso-apertura.png?resize=300%2C170&amp;ssl=1 300w, https:\/\/i0.wp.com\/cdnoticias.com\/wp-content\/uploads\/2024\/04\/congreso-apertura.png?resize=768%2C434&amp;ssl=1 768w\" sizes=\"auto, (max-width: 800px) 100vw, 800px\" \/><\/figure>\n\n\n\n<p><\/p>\n\n\n\n<p>Estuvieron presentes tambi\u00e9n la vicedecana de FACSO, Dra. Mar\u00eda Luz Endere, la codirectora del Instituto INCUAPA, Dra. Mar\u00eda Guti\u00e9rrez; investigadores\/as, becarios\/os, docentes y estudiantes de distintas unidades acad\u00e9micas del pa\u00eds.<\/p>\n\n\n\n<p><\/p>\n\n\n\n<p>De manera inicial, el Dr. Flensborg expres\u00f3 el agradecimiento por la <strong>participaci\u00f3n de m\u00e1s de 120 personas inscriptas<\/strong> en la d\u00e9cima edici\u00f3n del CARPA, que volvi\u00f3 a realizarse de manera presencial despu\u00e9s de 7 a\u00f1os.<\/p>\n\n\n\n<p><\/p>\n\n\n\n<p>La Dra. Chaparro por su parte detall\u00f3 las caracter\u00edsticas del Congreso y las \u00e1reas tem\u00e1ticas sobre las que se trabajar\u00e1.<\/p>\n\n\n\n<p><\/p>\n\n\n\n<blockquote class=\"wp-block-quote is-layout-flow wp-block-quote-is-layout-flow\">\n<p>Por su parte, el Dr. Politis reflexion\u00f3 acerca del actual contexto sociopol\u00edtico y la \u201cdif\u00edcil situaci\u00f3n que atraviesa la ciencia en la Argentina. La ciencia, la tecnolog\u00eda y las universidades est\u00e1n siendo atacadas, principalmente las ciencias humanas y las ciencias sociales, desde lo econ\u00f3mico y desde lo cultural\u201d.<\/p>\n<\/blockquote>\n\n\n\n<p><\/p>\n\n\n\n<p>Se refiri\u00f3 al <strong>recorte de fondos y de puestos de trabajo en el CONICET<\/strong> y plante\u00f3 que \u201c<strong>a diferencia de otras oportunidades, en este caso hay una situaci\u00f3n in\u00e9dita, que es una batalla cultural instalada contra la ciencia\u201d.<\/strong><\/p>\n\n\n\n<p><\/p>\n\n\n\n<figure class=\"wp-block-image aligncenter size-full\"><img data-recalc-dims=\"1\" loading=\"lazy\" decoding=\"async\" width=\"800\" height=\"418\" src=\"https:\/\/i0.wp.com\/cdnoticias.com\/wp-content\/uploads\/2024\/04\/congreso-apertura2.png?resize=800%2C418&#038;ssl=1\" alt=\"\" class=\"wp-image-113526\" srcset=\"https:\/\/i0.wp.com\/cdnoticias.com\/wp-content\/uploads\/2024\/04\/congreso-apertura2.png?w=1000&amp;ssl=1 1000w, https:\/\/i0.wp.com\/cdnoticias.com\/wp-content\/uploads\/2024\/04\/congreso-apertura2.png?resize=300%2C157&amp;ssl=1 300w, https:\/\/i0.wp.com\/cdnoticias.com\/wp-content\/uploads\/2024\/04\/congreso-apertura2.png?resize=768%2C402&amp;ssl=1 768w, https:\/\/i0.wp.com\/cdnoticias.com\/wp-content\/uploads\/2024\/04\/congreso-apertura2.png?resize=390%2C205&amp;ssl=1 390w\" sizes=\"auto, (max-width: 800px) 100vw, 800px\" \/><\/figure>\n\n\n\n<p><\/p>\n\n\n\n<p><strong><em>\u201cEste Congreso tiene que ser visto adem\u00e1s de un encuentro de uni\u00f3n, debate y generaci\u00f3n de ideas y conocimiento, como un acto de resistencia y un ejercicio de resiliencia\u201d<\/em><\/strong>, agreg\u00f3 el Dr. Politis.<\/p>\n\n\n\n<p><\/p>\n\n\n\n<p>El Dr. Mart\u00ednez agradeci\u00f3 la gran presencia de investigadores\/as y estudiantes, y resalt\u00f3 el trabajo realizado por la comisi\u00f3n organizadora. <em>\u201cHace 20 a\u00f1os en Olavarr\u00eda se organiz\u00f3 el tercer CARPA, y nos llena de orgullo que segundas y terceras generaciones del INCUAPA est\u00e9n en la comisi\u00f3n organizadora de este Congreso\u201d,<\/em> refiri\u00f3.<\/p>\n\n\n\n<p><\/p>\n\n\n\n<p>Finalmente, la Lic. Gamberini expres\u00f3: \u201cTenemos que<strong> fortalecer esta lucha por la universidad y la educaci\u00f3n p\u00fablica<\/strong>, este tipo de encuentros se convierten en <strong>espacios de resistencia<\/strong> contra este tipo de discursos que se instalan livianamente y parece que prevalece la desconfianza hacia investigadores, investigadoras y docentes universitarios\u201d.<\/p>\n\n\n\n<p><\/p>\n\n\n\n<p>\u201cDebemos continuar con el desarrollo del proyecto de la Universidad y la Ciencia p\u00fablica, porque en los \u00faltimos a\u00f1os hemos crecido en investigaci\u00f3n, en estudiantes que eligen la universidad p\u00fablica y en graduados primera generaci\u00f3n de universitarios\u201d cerr\u00f3 Gamberini.<\/p>\n","protected":false},"excerpt":{"rendered":"<p>Comenz\u00f3 con una variedad de talleres y seminarios que se extender\u00e1n hasta el pr\u00f3ximo s\u00e1bado. En el cierre de la<\/p>\n","protected":false},"author":6,"featured_media":113525,"comment_status":"closed","ping_status":"closed","sticky":false,"template":"","format":"standard","meta":{"_jetpack_memberships_contains_paid_content":false,"footnotes":""},"categories":[5,1],"tags":[],"class_list":["post-113522","post","type-post","status-publish","format-standard","has-post-thumbnail","hentry","category-informacion-general","category-portada"],"jetpack_featured_media_url":"https:\/\/i0.wp.com\/cdnoticias.com\/wp-content\/uploads\/2024\/04\/congreso-apertura1.png?fit=1000%2C565&ssl=1","jetpack_sharing_enabled":true,"_links":{"self":[{"href":"https:\/\/cdnoticias.com\/index.php\/wp-json\/wp\/v2\/posts\/113522","targetHints":{"allow":["GET"]}}],"collection":[{"href":"https:\/\/cdnoticias.com\/index.php\/wp-json\/wp\/v2\/posts"}],"about":[{"href":"https:\/\/cdnoticias.com\/index.php\/wp-json\/wp\/v2\/types\/post"}],"author":[{"embeddable":true,"href":"https:\/\/cdnoticias.com\/index.php\/wp-json\/wp\/v2\/users\/6"}],"replies":[{"embeddable":true,"href":"https:\/\/cdnoticias.com\/index.php\/wp-json\/wp\/v2\/comments?post=113522"}],"version-history":[{"count":0,"href":"https:\/\/cdnoticias.com\/index.php\/wp-json\/wp\/v2\/posts\/113522\/revisions"}],"wp:featuredmedia":[{"embeddable":true,"href":"https:\/\/cdnoticias.com\/index.php\/wp-json\/wp\/v2\/media\/113525"}],"wp:attachment":[{"href":"https:\/\/cdnoticias.com\/index.php\/wp-json\/wp\/v2\/media?parent=113522"}],"wp:term":[{"taxonomy":"category","embeddable":true,"href":"https:\/\/cdnoticias.com\/index.php\/wp-json\/wp\/v2\/categories?post=113522"},{"taxonomy":"post_tag","embeddable":true,"href":"https:\/\/cdnoticias.com\/index.php\/wp-json\/wp\/v2\/tags?post=113522"}],"curies":[{"name":"wp","href":"https:\/\/api.w.org\/{rel}","templated":true}]}}