{"id":113426,"date":"2024-04-10T17:22:25","date_gmt":"2024-04-10T20:22:25","guid":{"rendered":"https:\/\/cdnoticias.com\/?p=113426"},"modified":"2024-04-10T17:22:26","modified_gmt":"2024-04-10T20:22:26","slug":"amilcar-abel-merlos-chino-q-e-p-d","status":"publish","type":"post","link":"https:\/\/cdnoticias.com\/index.php\/2024\/04\/10\/amilcar-abel-merlos-chino-q-e-p-d\/","title":{"rendered":"Amilcar Abel Merlos &#8221;Chino&#8221; (Q.E.P.D.)"},"content":{"rendered":"\n<hr class=\"wp-block-separator aligncenter has-alpha-channel-opacity\"\/>\n\n\n\n<p>Falleci\u00f3 en Olavarr\u00eda el 10 de abril de 2024 a los 88 a\u00f1os. Su esposa Amelia Laborde. Sus hijos Marisa Adriana, Sandra Estela y Ulises Abel Merlos. Sus hijos pol\u00edticos Mar\u00eda Paula Chantir y Juli\u00e1n Etchegaray. Sus nietos Violeta, Matilda, Feliciano y Genaro Merlos; Roc\u00edo y Juana Sallies; Cecilia y Celeste Prandini, sus bisnietos, sus hermanos, sus primos, amigos y dem\u00e1s deudos participan su fallecimiento.<\/p>\n\n\n\n<p>Sus restos ser\u00e1n velados en la sala de Espa\u00f1a 2942 departamento \u201cF\u201d este mi\u00e9rcoles de 20:00 a 22:00 horas y reabre el jueves 11 de abril de 09:00 a 15:00 horas. Inhumaci\u00f3n: Crematorio Pinos de Paz, en d\u00eda y horario a confirmar. Servicio adherido a Coopelectric.<\/p>\n\n\n\n<p>Nacido en Olavarr\u00eda, vecino de barrio Pueblo Nuevo, jubilado fot\u00f3grafo.<\/p>\n","protected":false},"excerpt":{"rendered":"<p>Falleci\u00f3 en Olavarr\u00eda el 10 de abril de 2024 a los 88 a\u00f1os. Su esposa Amelia Laborde. Sus hijos Marisa<\/p>\n","protected":false},"author":2,"featured_media":100390,"comment_status":"closed","ping_status":"closed","sticky":false,"template":"","format":"standard","meta":{"_jetpack_memberships_contains_paid_content":false,"footnotes":""},"categories":[10],"tags":[],"class_list":["post-113426","post","type-post","status-publish","format-standard","has-post-thumbnail","hentry","category-necrologicas"],"jetpack_featured_media_url":"https:\/\/i0.wp.com\/cdnoticias.com\/wp-content\/uploads\/2023\/10\/necrologicas-390-x-240.jpg?fit=390%2C240&ssl=1","jetpack_sharing_enabled":true,"_links":{"self":[{"href":"https:\/\/cdnoticias.com\/index.php\/wp-json\/wp\/v2\/posts\/113426","targetHints":{"allow":["GET"]}}],"collection":[{"href":"https:\/\/cdnoticias.com\/index.php\/wp-json\/wp\/v2\/posts"}],"about":[{"href":"https:\/\/cdnoticias.com\/index.php\/wp-json\/wp\/v2\/types\/post"}],"author":[{"embeddable":true,"href":"https:\/\/cdnoticias.com\/index.php\/wp-json\/wp\/v2\/users\/2"}],"replies":[{"embeddable":true,"href":"https:\/\/cdnoticias.com\/index.php\/wp-json\/wp\/v2\/comments?post=113426"}],"version-history":[{"count":0,"href":"https:\/\/cdnoticias.com\/index.php\/wp-json\/wp\/v2\/posts\/113426\/revisions"}],"wp:featuredmedia":[{"embeddable":true,"href":"https:\/\/cdnoticias.com\/index.php\/wp-json\/wp\/v2\/media\/100390"}],"wp:attachment":[{"href":"https:\/\/cdnoticias.com\/index.php\/wp-json\/wp\/v2\/media?parent=113426"}],"wp:term":[{"taxonomy":"category","embeddable":true,"href":"https:\/\/cdnoticias.com\/index.php\/wp-json\/wp\/v2\/categories?post=113426"},{"taxonomy":"post_tag","embeddable":true,"href":"https:\/\/cdnoticias.com\/index.php\/wp-json\/wp\/v2\/tags?post=113426"}],"curies":[{"name":"wp","href":"https:\/\/api.w.org\/{rel}","templated":true}]}}