{"id":113409,"date":"2024-04-10T12:43:55","date_gmt":"2024-04-10T15:43:55","guid":{"rendered":"https:\/\/cdnoticias.com\/?p=113409"},"modified":"2024-04-10T16:15:55","modified_gmt":"2024-04-10T19:15:55","slug":"bomberos-trabajaron-en-el-incendio-en-un-taller-de-herreria","status":"publish","type":"post","link":"https:\/\/cdnoticias.com\/index.php\/2024\/04\/10\/bomberos-trabajaron-en-el-incendio-en-un-taller-de-herreria\/","title":{"rendered":"Bomberos trabajaron en el incendio en un taller de herrer\u00eda"},"content":{"rendered":"\n<p>Se produjo este mi\u00e9rcoles al mediod\u00eda en una propiedad ubicada en Jun\u00edn al 3600.<\/p>\n\n\n\n<hr class=\"wp-block-separator has-alpha-channel-opacity\"\/>\n\n\n\n<p>Este mediod\u00eda se produjo un incendio en un <strong>taller de herrer\u00eda ubicado en Jun\u00edn al 3600.<\/strong> Al momento de registrarse el siniestro no se encontraban personas en el interior. <\/p>\n\n\n\n<p><\/p>\n\n\n\n<p>Seg\u00fan indicaron en primera instancia, al parecer <strong>una chispa habr\u00eda iniciado el fuego<\/strong> al tomar contacto con unos cartones y luego extenderse a otros elementos.<\/p>\n\n\n\n<p><\/p>\n\n\n\n<p>Gracias al accionar de bomberos, el fuego no se propag\u00f3 al resto del lugar y <strong>se registraron &#8220;da\u00f1os leves&#8221; en la tiranter\u00eda y algunas p\u00e9rdidas materiales.<\/strong><\/p>\n\n\n\n<p><\/p>\n\n\n\n<figure class=\"wp-block-image size-full\"><img data-recalc-dims=\"1\" loading=\"lazy\" decoding=\"async\" width=\"800\" height=\"445\" src=\"https:\/\/i0.wp.com\/cdnoticias.com\/wp-content\/uploads\/2024\/04\/incendio-taller-05.jpg?resize=800%2C445&#038;ssl=1\" alt=\"\" class=\"wp-image-113414\" srcset=\"https:\/\/i0.wp.com\/cdnoticias.com\/wp-content\/uploads\/2024\/04\/incendio-taller-05.jpg?w=800&amp;ssl=1 800w, https:\/\/i0.wp.com\/cdnoticias.com\/wp-content\/uploads\/2024\/04\/incendio-taller-05.jpg?resize=300%2C167&amp;ssl=1 300w, https:\/\/i0.wp.com\/cdnoticias.com\/wp-content\/uploads\/2024\/04\/incendio-taller-05.jpg?resize=768%2C427&amp;ssl=1 768w\" sizes=\"auto, (max-width: 800px) 100vw, 800px\" \/><\/figure>\n\n\n\n<p><\/p>\n\n\n\n<p>Al lugar concurri\u00f3 la <strong>unidad N\u00b0 16 de Bomberos Voluntarios<\/strong> que trabaj\u00f3 en el control del siniestro y el retiro de distintos elementos de la propiedad.<\/p>\n\n\n\n<p><\/p>\n\n\n\n<figure class=\"wp-block-image size-full\"><img data-recalc-dims=\"1\" loading=\"lazy\" decoding=\"async\" width=\"800\" height=\"445\" src=\"https:\/\/i0.wp.com\/cdnoticias.com\/wp-content\/uploads\/2024\/04\/incendio-taller-03.jpg?resize=800%2C445&#038;ssl=1\" alt=\"\" class=\"wp-image-113412\" srcset=\"https:\/\/i0.wp.com\/cdnoticias.com\/wp-content\/uploads\/2024\/04\/incendio-taller-03.jpg?w=800&amp;ssl=1 800w, https:\/\/i0.wp.com\/cdnoticias.com\/wp-content\/uploads\/2024\/04\/incendio-taller-03.jpg?resize=300%2C167&amp;ssl=1 300w, https:\/\/i0.wp.com\/cdnoticias.com\/wp-content\/uploads\/2024\/04\/incendio-taller-03.jpg?resize=768%2C427&amp;ssl=1 768w\" sizes=\"auto, (max-width: 800px) 100vw, 800px\" \/><\/figure>\n\n\n\n<p><\/p>\n\n\n\n<p>Tambi\u00e9n participaron efectivos policiales para organizar el<strong> tr\u00e1nsito que permaneci\u00f3 cortado <\/strong>sobre Jun\u00edn a la altura de las calles Yrigoyen y Jos\u00e9 Luis Torres. &nbsp;<\/p>\n","protected":false},"excerpt":{"rendered":"<p>Se produjo este mi\u00e9rcoles al mediod\u00eda en una propiedad ubicada en Jun\u00edn al 3600. Este mediod\u00eda se produjo un incendio<\/p>\n","protected":false},"author":2,"featured_media":113410,"comment_status":"closed","ping_status":"closed","sticky":false,"template":"","format":"standard","meta":{"_jetpack_memberships_contains_paid_content":false,"footnotes":""},"categories":[14,1],"tags":[],"class_list":["post-113409","post","type-post","status-publish","format-standard","has-post-thumbnail","hentry","category-policiales","category-portada"],"jetpack_featured_media_url":"https:\/\/i0.wp.com\/cdnoticias.com\/wp-content\/uploads\/2024\/04\/incendio-taller-01.jpg?fit=800%2C450&ssl=1","jetpack_sharing_enabled":true,"_links":{"self":[{"href":"https:\/\/cdnoticias.com\/index.php\/wp-json\/wp\/v2\/posts\/113409","targetHints":{"allow":["GET"]}}],"collection":[{"href":"https:\/\/cdnoticias.com\/index.php\/wp-json\/wp\/v2\/posts"}],"about":[{"href":"https:\/\/cdnoticias.com\/index.php\/wp-json\/wp\/v2\/types\/post"}],"author":[{"embeddable":true,"href":"https:\/\/cdnoticias.com\/index.php\/wp-json\/wp\/v2\/users\/2"}],"replies":[{"embeddable":true,"href":"https:\/\/cdnoticias.com\/index.php\/wp-json\/wp\/v2\/comments?post=113409"}],"version-history":[{"count":0,"href":"https:\/\/cdnoticias.com\/index.php\/wp-json\/wp\/v2\/posts\/113409\/revisions"}],"wp:featuredmedia":[{"embeddable":true,"href":"https:\/\/cdnoticias.com\/index.php\/wp-json\/wp\/v2\/media\/113410"}],"wp:attachment":[{"href":"https:\/\/cdnoticias.com\/index.php\/wp-json\/wp\/v2\/media?parent=113409"}],"wp:term":[{"taxonomy":"category","embeddable":true,"href":"https:\/\/cdnoticias.com\/index.php\/wp-json\/wp\/v2\/categories?post=113409"},{"taxonomy":"post_tag","embeddable":true,"href":"https:\/\/cdnoticias.com\/index.php\/wp-json\/wp\/v2\/tags?post=113409"}],"curies":[{"name":"wp","href":"https:\/\/api.w.org\/{rel}","templated":true}]}}