{"id":113405,"date":"2024-04-10T12:13:16","date_gmt":"2024-04-10T15:13:16","guid":{"rendered":"https:\/\/cdnoticias.com\/?p=113405"},"modified":"2024-04-10T12:13:36","modified_gmt":"2024-04-10T15:13:36","slug":"el-colegio-nacional-cumplio-78-anos-y-lo-celebrara-con-distintas-actividades","status":"publish","type":"post","link":"https:\/\/cdnoticias.com\/index.php\/2024\/04\/10\/el-colegio-nacional-cumplio-78-anos-y-lo-celebrara-con-distintas-actividades\/","title":{"rendered":"El Colegio Nacional cumpli\u00f3 78 a\u00f1os y lo celebrar\u00e1 con distintas actividades \u00a0\u00a0"},"content":{"rendered":"\n<p>El festejo se realizar\u00e1 el viernes 12 de abril en el establecimiento educativo. Habr\u00e1 talleres, mateada, caminata y un abrazo institucional. \u00a0\u00a0\u00a0<\/p>\n\n\n\n<hr class=\"wp-block-separator has-alpha-channel-opacity\"\/>\n\n\n\n<p>La Escuela Secundaria N\u00b0 6, ex Colegio Nacional <strong>cumple este mi\u00e9rcoles 78 a\u00f1os y los celebrar\u00e1 el pr\u00f3ximo viernes 12 de abril con una jornada pedag\u00f3gica recreativa en el establecimiento educativo. <\/strong>Recordemos que el edificio est\u00e1 siendo reparado tras las consecuencias registradas por los temporales de diciembre pasado.<\/p>\n\n\n\n<p><\/p>\n\n\n\n<p>La jornada del viernes contar\u00e1 con <strong>distintos talleres<\/strong>: expresi\u00f3n corporal, ESI, ajedrez, audiovisual\/radio, medio ambiente, lenguas extrajeras-franc\u00e9s, biblioteca, inform\u00e1tica, ciencia en el cine y la televisi\u00f3n, educaci\u00f3n f\u00edsica \u201ch\u00e1bito saludable, mural, instalaci\u00f3n, convivencia, orientaci\u00f3n vocacional, mapeo colectivo, ciencias, narrativa, m\u00fasica y literatura, dise\u00f1o en redes sociales y graffity.<\/p>\n\n\n\n<p><\/p>\n\n\n\n<p>Adem\u00e1s, habr\u00e1 una<strong> caminata, abrazo a la escuela y el cierre con la banda \u201cJohnny Boy and de Dancing Crickets\u201d.<\/strong><\/p>\n\n\n\n<p><\/p>\n\n\n\n<p>Desde la organizaci\u00f3n, solicitaron a los asistentes concurrir al cumplea\u00f1os con banderas, remeras o accesorios de color azul y rojo. Invitaron a egresados, docentes jubilados, familias, docentes en actividad, familias y a toda la comunidad.<\/p>\n\n\n\n<p><\/p>\n\n\n\n<p>Los estudiantes que actualmente est\u00e1n cursando en tres sedes concentrar\u00e1n en el establecimiento de Nacional y <strong>en caso de mal clima las actividades se reprogramar\u00e1n.<\/strong><\/p>\n\n\n\n<p><\/p>\n\n\n\n<p><strong>El programa completo:<\/strong><\/p>\n\n\n\n<p><\/p>\n\n\n\n<p>7:30 &#8211; Ingreso a la escuela.<\/p>\n\n\n\n<p>8:00 &#8211; Inicio de talleres para estudiantes de EES N\u00b06.<\/p>\n\n\n\n<p>10:00 &#8211; Caminata Nacional<\/p>\n\n\n\n<p>10:30 &#8211; Abrazo Institucional<\/p>\n\n\n\n<p>10:45 &#8211; Mateada Pituca<\/p>\n\n\n\n<p>11:15 &#8211; Show banda \u201cJohnny Boy and the Dancing Crickets\u201d.<\/p>\n\n\n\n<p>12:00 &#8211; Cierre de la jornada.<\/p>\n","protected":false},"excerpt":{"rendered":"<p>El festejo se realizar\u00e1 el viernes 12 de abril en el establecimiento educativo. Habr\u00e1 talleres, mateada, caminata y un abrazo<\/p>\n","protected":false},"author":2,"featured_media":113406,"comment_status":"closed","ping_status":"closed","sticky":false,"template":"","format":"standard","meta":{"_jetpack_memberships_contains_paid_content":false,"footnotes":""},"categories":[5,1],"tags":[],"class_list":["post-113405","post","type-post","status-publish","format-standard","has-post-thumbnail","hentry","category-informacion-general","category-portada"],"jetpack_featured_media_url":"https:\/\/i0.wp.com\/cdnoticias.com\/wp-content\/uploads\/2024\/04\/nacional-aniversario.jpg?fit=800%2C445&ssl=1","jetpack_sharing_enabled":true,"_links":{"self":[{"href":"https:\/\/cdnoticias.com\/index.php\/wp-json\/wp\/v2\/posts\/113405","targetHints":{"allow":["GET"]}}],"collection":[{"href":"https:\/\/cdnoticias.com\/index.php\/wp-json\/wp\/v2\/posts"}],"about":[{"href":"https:\/\/cdnoticias.com\/index.php\/wp-json\/wp\/v2\/types\/post"}],"author":[{"embeddable":true,"href":"https:\/\/cdnoticias.com\/index.php\/wp-json\/wp\/v2\/users\/2"}],"replies":[{"embeddable":true,"href":"https:\/\/cdnoticias.com\/index.php\/wp-json\/wp\/v2\/comments?post=113405"}],"version-history":[{"count":0,"href":"https:\/\/cdnoticias.com\/index.php\/wp-json\/wp\/v2\/posts\/113405\/revisions"}],"wp:featuredmedia":[{"embeddable":true,"href":"https:\/\/cdnoticias.com\/index.php\/wp-json\/wp\/v2\/media\/113406"}],"wp:attachment":[{"href":"https:\/\/cdnoticias.com\/index.php\/wp-json\/wp\/v2\/media?parent=113405"}],"wp:term":[{"taxonomy":"category","embeddable":true,"href":"https:\/\/cdnoticias.com\/index.php\/wp-json\/wp\/v2\/categories?post=113405"},{"taxonomy":"post_tag","embeddable":true,"href":"https:\/\/cdnoticias.com\/index.php\/wp-json\/wp\/v2\/tags?post=113405"}],"curies":[{"name":"wp","href":"https:\/\/api.w.org\/{rel}","templated":true}]}}