{"id":113397,"date":"2024-04-10T18:35:15","date_gmt":"2024-04-10T21:35:15","guid":{"rendered":"https:\/\/cdnoticias.com\/?p=113397"},"modified":"2024-04-10T18:35:17","modified_gmt":"2024-04-10T21:35:17","slug":"daniel-aycaguer-es-el-nuevo-presidente-de-la-sociedad-rural","status":"publish","type":"post","link":"https:\/\/cdnoticias.com\/index.php\/2024\/04\/10\/daniel-aycaguer-es-el-nuevo-presidente-de-la-sociedad-rural\/","title":{"rendered":"Daniel Ay\u00e7aguer es el nuevo presidente de la Sociedad Rural"},"content":{"rendered":"<p>Alejandra Goldberg es la vicepresidenta. La renovaci\u00f3n de autoridades se defini\u00f3 en la \u00faltima asamblea.<!--more--><\/p>\n<hr \/>\n<p>La <strong>Sociedad Rural de Olavarr\u00eda<\/strong> renov\u00f3 sus <strong>autoridades<\/strong> la semana pasada: <strong>Daniel Ay\u00e7aguer y Alejandra Goldberg encabezan la conducci\u00f3n.<\/strong><\/p>\n<p>La instituci\u00f3n inform\u00f3 que el viernes se realiz\u00f3 la <strong>asamblea general ordinaria<\/strong> donde fueron considerados la Memoria y Balance del ejercicio cerrado el 31 de diciembre de 2023, se consider\u00f3 el aumento de la cuota social y se form\u00f3 la nueva comisi\u00f3n directiva.<\/p>\n<p>Daniel Ay\u00e7aguer es el flamante presidente y Alejandra Goldberg, la vice. <strong>Reemplazan a Eduardo Alem, quien dej\u00f3 la presidencia, y el propio Ay\u00e7aguer, quien fue el vicepresidente<\/strong> hasta el viernes, <a href=\"https:\/\/cdnoticias.com\/index.php\/2022\/04\/03\/eduardo-alem-nuevo-presidente-de-la-sociedad-rural-de-olavarria\/\" target=\"_blank\" rel=\"noopener\">electos en abril de 2022.<\/a><\/p>\n<figure id=\"attachment_113399\" aria-describedby=\"caption-attachment-113399\" style=\"width: 800px\" class=\"wp-caption aligncenter\"><img data-recalc-dims=\"1\" loading=\"lazy\" decoding=\"async\" class=\"wp-image-113399 size-full\" src=\"https:\/\/i0.wp.com\/cdnoticias.com\/wp-content\/uploads\/2024\/04\/daniel-aycaguer-eduardo-alem-goldberg-sociedad-rural.jpg?resize=800%2C445&#038;ssl=1\" alt=\"\" width=\"800\" height=\"445\" srcset=\"https:\/\/i0.wp.com\/cdnoticias.com\/wp-content\/uploads\/2024\/04\/daniel-aycaguer-eduardo-alem-goldberg-sociedad-rural.jpg?w=800&amp;ssl=1 800w, https:\/\/i0.wp.com\/cdnoticias.com\/wp-content\/uploads\/2024\/04\/daniel-aycaguer-eduardo-alem-goldberg-sociedad-rural.jpg?resize=300%2C167&amp;ssl=1 300w, https:\/\/i0.wp.com\/cdnoticias.com\/wp-content\/uploads\/2024\/04\/daniel-aycaguer-eduardo-alem-goldberg-sociedad-rural.jpg?resize=768%2C427&amp;ssl=1 768w\" sizes=\"auto, (max-width: 800px) 100vw, 800px\" \/><figcaption id=\"caption-attachment-113399\" class=\"wp-caption-text\">Daniel Ay\u00e7aguer junto a Eduardo Alem.<\/figcaption><\/figure>\n<p>En la tarde del lunes, la comisi\u00f3n directiva se reuni\u00f3 y se realiz\u00f3 la <strong>distribuci\u00f3n de cargos y la formaci\u00f3n de las distintas subcomisiones.<\/strong><\/p>\n<h3>La comisi\u00f3n directiva<\/h3>\n<p>Presidente: <strong>Daniel Ay\u00e7aguer<\/strong><br \/>\nVice-presidente:<strong> Alejandra Goldberg<\/strong><br \/>\nSecretario:<strong> Jos\u00e9 Mar\u00eda Ortiz<\/strong><br \/>\nPro-secretario:<strong> Anselmo Fioroni<\/strong><br \/>\nTesorera: <strong>Ana Mar\u00eda Peroggi<\/strong><br \/>\nPro-tesorero: <strong>Lisandro Falabella<\/strong><\/p>\n<p>Vocales titulares: <em>Eduardo Alem, Matias Iturralde, Alberto Huarte, Paulo Minoletti, Federico Gonz\u00e1lez y Marcelo Gonz\u00e1lez.<\/em><\/p>\n<p>Vocales Suplentes: <em>Sebasti\u00e1n Matrella, Fernando Luis, Eduardo Dumois, Mariano Laborde y Edgardo Otamendi.<\/em><\/p>\n<p>Rev. de cuentas titulares:<em> Adolfo Goldberg, Santiago Alem y Fabricio Lacoste.<\/em><\/p>\n<p>Rev. de cuentas suplentes: <em>Ricardo Hoffmann y Diego Torres Booth.<\/em><\/p>\n<p>Gerente: <em>Alberto Zulaica<\/em><\/p>\n","protected":false},"excerpt":{"rendered":"<p>Alejandra Goldberg es la vicepresidenta. La renovaci\u00f3n de autoridades se defini\u00f3 en la \u00faltima asamblea.<\/p>\n","protected":false},"author":4,"featured_media":113398,"comment_status":"closed","ping_status":"closed","sticky":false,"template":"","format":"standard","meta":{"_jetpack_memberships_contains_paid_content":false,"footnotes":""},"categories":[5,1],"tags":[],"class_list":["post-113397","post","type-post","status-publish","format-standard","has-post-thumbnail","hentry","category-informacion-general","category-portada"],"jetpack_featured_media_url":"https:\/\/i0.wp.com\/cdnoticias.com\/wp-content\/uploads\/2024\/04\/daniel-aycaguer-alejandra-goldberg-sociedad-rural.jpg?fit=800%2C445&ssl=1","jetpack_sharing_enabled":true,"_links":{"self":[{"href":"https:\/\/cdnoticias.com\/index.php\/wp-json\/wp\/v2\/posts\/113397","targetHints":{"allow":["GET"]}}],"collection":[{"href":"https:\/\/cdnoticias.com\/index.php\/wp-json\/wp\/v2\/posts"}],"about":[{"href":"https:\/\/cdnoticias.com\/index.php\/wp-json\/wp\/v2\/types\/post"}],"author":[{"embeddable":true,"href":"https:\/\/cdnoticias.com\/index.php\/wp-json\/wp\/v2\/users\/4"}],"replies":[{"embeddable":true,"href":"https:\/\/cdnoticias.com\/index.php\/wp-json\/wp\/v2\/comments?post=113397"}],"version-history":[{"count":0,"href":"https:\/\/cdnoticias.com\/index.php\/wp-json\/wp\/v2\/posts\/113397\/revisions"}],"wp:featuredmedia":[{"embeddable":true,"href":"https:\/\/cdnoticias.com\/index.php\/wp-json\/wp\/v2\/media\/113398"}],"wp:attachment":[{"href":"https:\/\/cdnoticias.com\/index.php\/wp-json\/wp\/v2\/media?parent=113397"}],"wp:term":[{"taxonomy":"category","embeddable":true,"href":"https:\/\/cdnoticias.com\/index.php\/wp-json\/wp\/v2\/categories?post=113397"},{"taxonomy":"post_tag","embeddable":true,"href":"https:\/\/cdnoticias.com\/index.php\/wp-json\/wp\/v2\/tags?post=113397"}],"curies":[{"name":"wp","href":"https:\/\/api.w.org\/{rel}","templated":true}]}}