{"id":113381,"date":"2024-04-10T08:29:18","date_gmt":"2024-04-10T11:29:18","guid":{"rendered":"https:\/\/cdnoticias.com\/?p=113381"},"modified":"2024-04-10T08:29:21","modified_gmt":"2024-04-10T11:29:21","slug":"olavarria-defendio-la-ciencia-local-y-nacional-en-el-parque-mitre","status":"publish","type":"post","link":"https:\/\/cdnoticias.com\/index.php\/2024\/04\/10\/olavarria-defendio-la-ciencia-local-y-nacional-en-el-parque-mitre\/","title":{"rendered":"Olavarr\u00eda defendi\u00f3 la ciencia local y nacional en el Parque Mitre"},"content":{"rendered":"\n<p><\/p>\n\n\n\n<p>El Festival Federal de Ciencias &#8220;Elijo Crecer&#8221; tuvo por objetivo realizar acciones de visibilizaci\u00f3n y comunicaci\u00f3n p\u00fablica de la ciencia.<\/p>\n\n\n\n<hr class=\"wp-block-separator has-alpha-channel-opacity\"\/>\n\n\n\n<p>Este s\u00e1bado por la tarde en el Parque Mitre, se realiz\u00f3 el <strong>Festival Federal Elijo Crecer <\/strong>con una importante concurrencia de investigadores, comunidad universitaria y p\u00fablico en general. <strong>Hubo bandas en vivo y stands con exposiciones donde el p\u00fablico interactu\u00f3 con los investigadores e investigadoras.<\/strong><\/p>\n\n\n\n<p><\/p>\n\n\n\n<p>Participaron de la organizaci\u00f3n <strong>docentes, estudiantes, graduados e investigadores, becarios y personal de apoyo del CONICET a trav\u00e9s de la Facultad de Ciencias de la Salud, Facultad de Ciencias Sociales y Facultad de Ingenier\u00eda <\/strong>de la Universidad Nacional del Centro de la Provincia de Buenos Aires.<\/p>\n\n\n\n<p><\/p>\n\n\n\n<p>El objetivo de este festival fue promover una visi\u00f3n amplia acerca de la diversidad de temas de los que se ocupa la ciencia en la Argentina, recuperando su valor para el desarrollo del pa\u00eds.<\/p>\n\n\n\n<figure class=\"wp-block-image size-full\"><img data-recalc-dims=\"1\" loading=\"lazy\" decoding=\"async\" width=\"800\" height=\"445\" src=\"https:\/\/i0.wp.com\/cdnoticias.com\/wp-content\/uploads\/2024\/04\/WhatsApp-Image-2024-04-06-at-16.40.04.jpeg?resize=800%2C445&#038;ssl=1\" alt=\"\" class=\"wp-image-113382\" srcset=\"https:\/\/i0.wp.com\/cdnoticias.com\/wp-content\/uploads\/2024\/04\/WhatsApp-Image-2024-04-06-at-16.40.04.jpeg?w=800&amp;ssl=1 800w, https:\/\/i0.wp.com\/cdnoticias.com\/wp-content\/uploads\/2024\/04\/WhatsApp-Image-2024-04-06-at-16.40.04.jpeg?resize=300%2C167&amp;ssl=1 300w, https:\/\/i0.wp.com\/cdnoticias.com\/wp-content\/uploads\/2024\/04\/WhatsApp-Image-2024-04-06-at-16.40.04.jpeg?resize=768%2C427&amp;ssl=1 768w\" sizes=\"auto, (max-width: 800px) 100vw, 800px\" \/><\/figure>\n\n\n\n<p>El Festival Federal Elijo Crecer fue una propuesta de inter\u00e9s p\u00fablico donde <strong>se realizaron actividades en m\u00e1s de 40 ciudades en simultaneo <\/strong>a lo largo y ancho de todo el pa\u00eds. Se realizaron acciones de car\u00e1cter interactivo a propuesta de los distintos grupos de investigaci\u00f3n de las tres unidades acad\u00e9micas de la ciudad de Olavarr\u00eda.<\/p>\n\n\n\n<p><\/p>\n\n\n\n<p>Las principales consignas de la jornada fueron<strong> defender el sistema cient\u00edfico y tecnol\u00f3gico argentino<\/strong>, lo que implica el cumplimiento de la<strong> Ley de Financiamiento de Ciencia y Tecnolog\u00eda y frenar los despidos y el desmantelamiento del Sistema de Ciencia y Tecnolog\u00eda.<\/strong><\/p>\n\n\n\n<p><\/p>\n\n\n\n<p>Avalaron y acompa\u00f1aron esta importante jornada en la ciudad de Olavarr\u00eda: el Municipio del Partido de Olavarr\u00eda encabezado por el intendente Maximiliano Wesner, la Subsecretar\u00eda de Cultura y Educaci\u00f3n, ADUNCE (Asociaci\u00f3n Gremial de Docentes de la Universidad Nacional del Centro), NURES (N\u00facleo Regional de Estudios Socioculturales), IFIPRAC-ED (Investigaciones en Formaci\u00f3n Inicial y Pr\u00e1cticas Educativas), IICS (Instituto de Investigaci\u00f3n en Ciencias de la Salud), Estudios sobre Sociedad, Acceso a Derechos y C\u00e1rceles &#8211; ESADyC, NACT, Instituto INCUAPA y Estudios de Comunicaci\u00f3n y Cultura en Olavarr\u00eda \u2013 ECCO.<\/p>\n","protected":false},"excerpt":{"rendered":"<p>El Festival Federal de Ciencias &#8220;Elijo Crecer&#8221; tuvo por objetivo realizar acciones de visibilizaci\u00f3n y comunicaci\u00f3n p\u00fablica de la ciencia.<\/p>\n","protected":false},"author":2,"featured_media":113384,"comment_status":"closed","ping_status":"closed","sticky":false,"template":"","format":"standard","meta":{"_jetpack_memberships_contains_paid_content":false,"footnotes":""},"categories":[5],"tags":[],"class_list":["post-113381","post","type-post","status-publish","format-standard","has-post-thumbnail","hentry","category-informacion-general"],"jetpack_featured_media_url":"https:\/\/i0.wp.com\/cdnoticias.com\/wp-content\/uploads\/2024\/04\/WhatsApp-Image-2024-04-06-at-16.55.52.jpeg?fit=800%2C445&ssl=1","jetpack_sharing_enabled":true,"_links":{"self":[{"href":"https:\/\/cdnoticias.com\/index.php\/wp-json\/wp\/v2\/posts\/113381","targetHints":{"allow":["GET"]}}],"collection":[{"href":"https:\/\/cdnoticias.com\/index.php\/wp-json\/wp\/v2\/posts"}],"about":[{"href":"https:\/\/cdnoticias.com\/index.php\/wp-json\/wp\/v2\/types\/post"}],"author":[{"embeddable":true,"href":"https:\/\/cdnoticias.com\/index.php\/wp-json\/wp\/v2\/users\/2"}],"replies":[{"embeddable":true,"href":"https:\/\/cdnoticias.com\/index.php\/wp-json\/wp\/v2\/comments?post=113381"}],"version-history":[{"count":0,"href":"https:\/\/cdnoticias.com\/index.php\/wp-json\/wp\/v2\/posts\/113381\/revisions"}],"wp:featuredmedia":[{"embeddable":true,"href":"https:\/\/cdnoticias.com\/index.php\/wp-json\/wp\/v2\/media\/113384"}],"wp:attachment":[{"href":"https:\/\/cdnoticias.com\/index.php\/wp-json\/wp\/v2\/media?parent=113381"}],"wp:term":[{"taxonomy":"category","embeddable":true,"href":"https:\/\/cdnoticias.com\/index.php\/wp-json\/wp\/v2\/categories?post=113381"},{"taxonomy":"post_tag","embeddable":true,"href":"https:\/\/cdnoticias.com\/index.php\/wp-json\/wp\/v2\/tags?post=113381"}],"curies":[{"name":"wp","href":"https:\/\/api.w.org\/{rel}","templated":true}]}}