{"id":11338,"date":"2021-01-13T14:00:52","date_gmt":"2021-01-13T17:00:52","guid":{"rendered":"http:\/\/www.centraldenoticias.com.ar\/?p=11338"},"modified":"2021-01-13T17:26:49","modified_gmt":"2021-01-13T20:26:49","slug":"la-mujer-accidentada-en-un-choque-de-motos-en-ruta-226-esta-grave","status":"publish","type":"post","link":"https:\/\/cdnoticias.com\/index.php\/2021\/01\/13\/la-mujer-accidentada-en-un-choque-de-motos-en-ruta-226-esta-grave\/","title":{"rendered":"La mujer accidentada en un choque de motos en ruta 226 est\u00e1 \u201cgrave\u201d"},"content":{"rendered":"<p>As\u00ed fue informado por autoridades de salud este mi\u00e9rcoles. Tiene 47 a\u00f1os y tuvo un traumatismo en la cabeza y\u00a0 abdominal \u201ccerrado\u201d.<!--more--><\/p>\n<hr \/>\n<hr \/>\n<p>Tras el <a href=\"https:\/\/cdnoticias.com\/index.php\/2021\/01\/13\/dos-heridos-en-fuerte-choque-de-motos-en-la-ruta-226\/\" target=\"_blank\" rel=\"noopener\">impactante choque de motos en ruta 226 a la altura de avenida Urquiza<\/a>,<strong> una mujer de 47 a\u00f1os se encuentra en grave estado luego de haber sido impactada por una moto de alta cilindrada.<\/strong><\/p>\n<p>&nbsp;<\/p>\n<p>Seg\u00fan se logr\u00f3 saber, la mujer identificada como Mar\u00eda Rold\u00e1n, conduc\u00eda una Motomel 110cc y<strong> sufri\u00f3 traumatismo grave en la zona de la cabeza y, adem\u00e1s, un traumatismo tor\u00e1cico abdominal cerrado, e ingres\u00f3 en grave estado al Hospital Municipal.<\/strong><\/p>\n<p>&nbsp;<\/p>\n<blockquote><p>Si bien no se inform\u00f3 oficialmente el estado de salud del hombre que conduc\u00eda la moto Honda de alta cilindrada, en el lugar se inform\u00f3 que no habr\u00eda recibido heridas que revistieran gravedad.<\/p><\/blockquote>\n<p>&nbsp;<\/p>\n<p>Minutos despu\u00e9s de producido el impacto, adem\u00e1s del trabajo de Comando de Patrullas para ordenar el tr\u00e1nsito en la ruta, <strong>personal de Polic\u00eda Cient\u00edfica trabaj\u00f3 en el lugar para determinar las causas del grave accidente de motos<\/strong> en ruta 226.<\/p>\n","protected":false},"excerpt":{"rendered":"<p>As\u00ed fue informado por autoridades de salud este mi\u00e9rcoles. Tiene 47 a\u00f1os y tuvo un traumatismo en la cabeza y\u00a0<\/p>\n","protected":false},"author":2,"featured_media":11328,"comment_status":"closed","ping_status":"closed","sticky":false,"template":"","format":"standard","meta":{"_jetpack_memberships_contains_paid_content":false,"footnotes":""},"categories":[14],"tags":[],"class_list":["post-11338","post","type-post","status-publish","format-standard","has-post-thumbnail","hentry","category-policiales"],"jetpack_featured_media_url":"https:\/\/i0.wp.com\/cdnoticias.com\/wp-content\/uploads\/2021\/01\/accidente-ruta-6.jpg?fit=4608%2C3072&ssl=1","jetpack_sharing_enabled":true,"_links":{"self":[{"href":"https:\/\/cdnoticias.com\/index.php\/wp-json\/wp\/v2\/posts\/11338","targetHints":{"allow":["GET"]}}],"collection":[{"href":"https:\/\/cdnoticias.com\/index.php\/wp-json\/wp\/v2\/posts"}],"about":[{"href":"https:\/\/cdnoticias.com\/index.php\/wp-json\/wp\/v2\/types\/post"}],"author":[{"embeddable":true,"href":"https:\/\/cdnoticias.com\/index.php\/wp-json\/wp\/v2\/users\/2"}],"replies":[{"embeddable":true,"href":"https:\/\/cdnoticias.com\/index.php\/wp-json\/wp\/v2\/comments?post=11338"}],"version-history":[{"count":0,"href":"https:\/\/cdnoticias.com\/index.php\/wp-json\/wp\/v2\/posts\/11338\/revisions"}],"wp:featuredmedia":[{"embeddable":true,"href":"https:\/\/cdnoticias.com\/index.php\/wp-json\/wp\/v2\/media\/11328"}],"wp:attachment":[{"href":"https:\/\/cdnoticias.com\/index.php\/wp-json\/wp\/v2\/media?parent=11338"}],"wp:term":[{"taxonomy":"category","embeddable":true,"href":"https:\/\/cdnoticias.com\/index.php\/wp-json\/wp\/v2\/categories?post=11338"},{"taxonomy":"post_tag","embeddable":true,"href":"https:\/\/cdnoticias.com\/index.php\/wp-json\/wp\/v2\/tags?post=11338"}],"curies":[{"name":"wp","href":"https:\/\/api.w.org\/{rel}","templated":true}]}}