{"id":113349,"date":"2024-04-09T19:00:04","date_gmt":"2024-04-09T22:00:04","guid":{"rendered":"https:\/\/cdnoticias.com\/?p=113349"},"modified":"2024-04-09T19:00:06","modified_gmt":"2024-04-09T22:00:06","slug":"el-intendente-wesner-entrego-equipamiento-de-cocina-para-la-escuela-59","status":"publish","type":"post","link":"https:\/\/cdnoticias.com\/index.php\/2024\/04\/09\/el-intendente-wesner-entrego-equipamiento-de-cocina-para-la-escuela-59\/","title":{"rendered":"El Intendente Wesner entreg\u00f3 equipamiento de cocina para la Escuela 59"},"content":{"rendered":"\n<p>La entrega fue gestionada ante el Ministerio de Desarrollo Social bonaerense, en el marco de las pol\u00edticas de inversi\u00f3n para establecimientos educativos del Partido de Olavarr\u00eda.<\/p>\n\n\n\n<hr class=\"wp-block-separator aligncenter has-alpha-channel-opacity\"\/>\n\n\n\n<p>Este lunes, el <strong>intendente Maximiliano Wesner <\/strong>visit\u00f3 la sede de la <strong>Escuela Primaria N\u00ba 59<\/strong>, junto a la Jefa Regional de Educaci\u00f3n Marta Casanella y el consejero escolar Leo Wagner.<\/p>\n\n\n\n<p><\/p>\n\n\n\n<p>En la oportunidad <strong>se hizo entrega de equipamiento para la cocina<\/strong> gestionado ante el Ministerio de Desarrollo Social bonaerense, en el marco de las pol\u00edticas de <strong>inversi\u00f3n para establecimientos educativos <\/strong>del Partido de Olavarr\u00eda.<\/p>\n\n\n\n<p><\/p>\n\n\n\n<blockquote class=\"wp-block-quote is-layout-flow wp-block-quote-is-layout-flow\">\n<p>Adem\u00e1s destac\u00f3 que el Jard\u00edn de infantes N\u00ba 902, la Escuela Primaria N\u00ba 17 y la Escuela Secundaria N\u00ba 22 fueron incorporadas al Servicio Alimentario Escolar.<\/p>\n<\/blockquote>\n\n\n\n<p><\/p>\n\n\n\n<figure class=\"wp-block-image aligncenter size-full\"><img data-recalc-dims=\"1\" loading=\"lazy\" decoding=\"async\" width=\"800\" height=\"532\" src=\"https:\/\/i0.wp.com\/cdnoticias.com\/wp-content\/uploads\/2024\/04\/wesner-cocina-escuela591.jpg?resize=800%2C532&#038;ssl=1\" alt=\"\" class=\"wp-image-113355\" srcset=\"https:\/\/i0.wp.com\/cdnoticias.com\/wp-content\/uploads\/2024\/04\/wesner-cocina-escuela591.jpg?w=1000&amp;ssl=1 1000w, https:\/\/i0.wp.com\/cdnoticias.com\/wp-content\/uploads\/2024\/04\/wesner-cocina-escuela591.jpg?resize=300%2C200&amp;ssl=1 300w, https:\/\/i0.wp.com\/cdnoticias.com\/wp-content\/uploads\/2024\/04\/wesner-cocina-escuela591.jpg?resize=768%2C511&amp;ssl=1 768w, https:\/\/i0.wp.com\/cdnoticias.com\/wp-content\/uploads\/2024\/04\/wesner-cocina-escuela591.jpg?resize=272%2C182&amp;ssl=1 272w\" sizes=\"auto, (max-width: 800px) 100vw, 800px\" \/><\/figure>\n\n\n\n<p><\/p>\n\n\n\n<p><em>\u201cPara asegurar el adecuado funcionamiento de las cocinas de esas instituciones, que brindan los servicios de desayuno y merienda se est\u00e1 invirtiendo en mobiliario, electrodom\u00e9sticos y utensilios<\/em>\u201d se indic\u00f3.<\/p>\n\n\n\n<p><\/p>\n\n\n\n<p>Al respecto, el Intendente expres\u00f3 que <strong>\u201ca veces se intenta resumir la educaci\u00f3n al estar frente a un libro, frente a una compu, pero en realidad la educaci\u00f3n tiene que ver con todo\u201d.<\/strong><\/p>\n\n\n\n<p><\/p>\n\n\n\n<blockquote class=\"wp-block-quote is-layout-flow wp-block-quote-is-layout-flow\">\n<p>\u201cPor eso es importante la inversi\u00f3n que se hace en infraestructura, equipamiento y para garantizar que los estudiantes accedan a una alimentaci\u00f3n de calidad en las instituciones\u201d, cerr\u00f3 Wesner.<\/p>\n<\/blockquote>\n\n\n\n<p><\/p>\n\n\n\n<p>Un dato a resaltar es que <strong>el gobierno Provincial invierte mensualmente $52 mil millones para garantizar la alimentaci\u00f3n en las escuelas de 2.400.000 chicos en toda la Provincia.<\/strong><\/p>\n\n\n\n<p><\/p>\n","protected":false},"excerpt":{"rendered":"<p>La entrega fue gestionada ante el Ministerio de Desarrollo Social bonaerense, en el marco de las pol\u00edticas de inversi\u00f3n para<\/p>\n","protected":false},"author":6,"featured_media":113354,"comment_status":"closed","ping_status":"closed","sticky":false,"template":"","format":"standard","meta":{"_jetpack_memberships_contains_paid_content":false,"footnotes":""},"categories":[5,1],"tags":[],"class_list":["post-113349","post","type-post","status-publish","format-standard","has-post-thumbnail","hentry","category-informacion-general","category-portada"],"jetpack_featured_media_url":"https:\/\/i0.wp.com\/cdnoticias.com\/wp-content\/uploads\/2024\/04\/wesner-cocina-escuela59.jpg?fit=1000%2C665&ssl=1","jetpack_sharing_enabled":true,"_links":{"self":[{"href":"https:\/\/cdnoticias.com\/index.php\/wp-json\/wp\/v2\/posts\/113349","targetHints":{"allow":["GET"]}}],"collection":[{"href":"https:\/\/cdnoticias.com\/index.php\/wp-json\/wp\/v2\/posts"}],"about":[{"href":"https:\/\/cdnoticias.com\/index.php\/wp-json\/wp\/v2\/types\/post"}],"author":[{"embeddable":true,"href":"https:\/\/cdnoticias.com\/index.php\/wp-json\/wp\/v2\/users\/6"}],"replies":[{"embeddable":true,"href":"https:\/\/cdnoticias.com\/index.php\/wp-json\/wp\/v2\/comments?post=113349"}],"version-history":[{"count":0,"href":"https:\/\/cdnoticias.com\/index.php\/wp-json\/wp\/v2\/posts\/113349\/revisions"}],"wp:featuredmedia":[{"embeddable":true,"href":"https:\/\/cdnoticias.com\/index.php\/wp-json\/wp\/v2\/media\/113354"}],"wp:attachment":[{"href":"https:\/\/cdnoticias.com\/index.php\/wp-json\/wp\/v2\/media?parent=113349"}],"wp:term":[{"taxonomy":"category","embeddable":true,"href":"https:\/\/cdnoticias.com\/index.php\/wp-json\/wp\/v2\/categories?post=113349"},{"taxonomy":"post_tag","embeddable":true,"href":"https:\/\/cdnoticias.com\/index.php\/wp-json\/wp\/v2\/tags?post=113349"}],"curies":[{"name":"wp","href":"https:\/\/api.w.org\/{rel}","templated":true}]}}