{"id":11333,"date":"2021-01-13T15:18:13","date_gmt":"2021-01-13T18:18:13","guid":{"rendered":"http:\/\/www.centraldenoticias.com.ar\/?p=11333"},"modified":"2021-01-13T15:18:13","modified_gmt":"2021-01-13T18:18:13","slug":"quejas-por-mal-estado-de-terrenos-en-loma-negra","status":"publish","type":"post","link":"https:\/\/cdnoticias.com\/index.php\/2021\/01\/13\/quejas-por-mal-estado-de-terrenos-en-loma-negra\/","title":{"rendered":"Quejas por mal estado de terrenos en Loma Negra"},"content":{"rendered":"<p>Es en el ingreso al barrio Plan Vea.\u00a0Expusieron que hay roedores y a su vez, por la acumulaci\u00f3n de agua, se\u00f1alaron que temen por la propagaci\u00f3n mosquitos del dengue.<!--more--><\/p>\n<hr \/>\n<p><strong>Vecinos del sector del ingreso al barrio Plan Vea de Loma Negra se quejaron por el mal estado de los terrenos y un zanj\u00f3n en el sector.<\/strong><\/p>\n<p>&nbsp;<\/p>\n<p>Expusieron que hay <strong>roedores<\/strong> y a su vez, por la acumulaci\u00f3n de agua, se\u00f1alaron que temen por la propagaci\u00f3n <strong>mosquitos del dengue.<\/strong><\/p>\n<p>&nbsp;<\/p>\n<p><img data-recalc-dims=\"1\" loading=\"lazy\" decoding=\"async\" class=\"aligncenter wp-image-11335\" src=\"https:\/\/i0.wp.com\/cdnoticias.com\/wp-content\/uploads\/2021\/01\/loma-negra01.jpg?resize=600%2C800&#038;ssl=1\" alt=\"\" width=\"600\" height=\"800\" srcset=\"https:\/\/i0.wp.com\/cdnoticias.com\/wp-content\/uploads\/2021\/01\/loma-negra01.jpg?resize=225%2C300&amp;ssl=1 225w, https:\/\/i0.wp.com\/cdnoticias.com\/wp-content\/uploads\/2021\/01\/loma-negra01.jpg?resize=768%2C1024&amp;ssl=1 768w, https:\/\/i0.wp.com\/cdnoticias.com\/wp-content\/uploads\/2021\/01\/loma-negra01.jpg?w=774&amp;ssl=1 774w\" sizes=\"auto, (max-width: 600px) 100vw, 600px\" \/><\/p>\n<p>&nbsp;<\/p>\n<p>Los vecinos, a su vez, apuntaron a que para realizar las tareas de limpieza <strong>\u201cla delegaci\u00f3n municipal s\u00f3lo tienen un empleado, ya que otros dos est\u00e1n de vacaciones\u201d<\/strong>. En este sentido, se consider\u00f3 que \u201cnada se puede hacer en estos momentos ya que hay un empleado para toda la Villa\u201d.<\/p>\n<p>&nbsp;<\/p>\n<p>Este aspecto fue planteado en las <a href=\"https:\/\/cdnoticias.com\/index.php\/2020\/12\/09\/asamblea-por-la-vivienda-llevaran-su-reclamo-a-la-sesion-del-hcd\/\" target=\"_blank\" rel=\"noopener\">asambleas de vecinos autoconvocados en Loma Negra<\/a> y la delegada Valeria Mil\u00eda asegur\u00f3 que pidi\u00f3 la incorporaci\u00f3n de m\u00e1s empleados para reemplazar a tres personas que dejaron la administraci\u00f3n p\u00fablica en los \u00faltimos a\u00f1os.<\/p>\n","protected":false},"excerpt":{"rendered":"<p>Es en el ingreso al barrio Plan Vea.\u00a0Expusieron que hay roedores y a su vez, por la acumulaci\u00f3n de agua,<\/p>\n","protected":false},"author":4,"featured_media":11334,"comment_status":"closed","ping_status":"closed","sticky":false,"template":"","format":"standard","meta":{"_jetpack_memberships_contains_paid_content":false,"footnotes":""},"categories":[5,1],"tags":[],"class_list":["post-11333","post","type-post","status-publish","format-standard","has-post-thumbnail","hentry","category-informacion-general","category-portada"],"jetpack_featured_media_url":"https:\/\/i0.wp.com\/cdnoticias.com\/wp-content\/uploads\/2021\/01\/lomanegra001.jpg?fit=770%2C428&ssl=1","jetpack_sharing_enabled":true,"_links":{"self":[{"href":"https:\/\/cdnoticias.com\/index.php\/wp-json\/wp\/v2\/posts\/11333","targetHints":{"allow":["GET"]}}],"collection":[{"href":"https:\/\/cdnoticias.com\/index.php\/wp-json\/wp\/v2\/posts"}],"about":[{"href":"https:\/\/cdnoticias.com\/index.php\/wp-json\/wp\/v2\/types\/post"}],"author":[{"embeddable":true,"href":"https:\/\/cdnoticias.com\/index.php\/wp-json\/wp\/v2\/users\/4"}],"replies":[{"embeddable":true,"href":"https:\/\/cdnoticias.com\/index.php\/wp-json\/wp\/v2\/comments?post=11333"}],"version-history":[{"count":0,"href":"https:\/\/cdnoticias.com\/index.php\/wp-json\/wp\/v2\/posts\/11333\/revisions"}],"wp:featuredmedia":[{"embeddable":true,"href":"https:\/\/cdnoticias.com\/index.php\/wp-json\/wp\/v2\/media\/11334"}],"wp:attachment":[{"href":"https:\/\/cdnoticias.com\/index.php\/wp-json\/wp\/v2\/media?parent=11333"}],"wp:term":[{"taxonomy":"category","embeddable":true,"href":"https:\/\/cdnoticias.com\/index.php\/wp-json\/wp\/v2\/categories?post=11333"},{"taxonomy":"post_tag","embeddable":true,"href":"https:\/\/cdnoticias.com\/index.php\/wp-json\/wp\/v2\/tags?post=11333"}],"curies":[{"name":"wp","href":"https:\/\/api.w.org\/{rel}","templated":true}]}}