{"id":113318,"date":"2024-04-09T10:26:40","date_gmt":"2024-04-09T13:26:40","guid":{"rendered":"https:\/\/cdnoticias.com\/?p=113318"},"modified":"2024-04-09T10:26:42","modified_gmt":"2024-04-09T13:26:42","slug":"encuentran-una-bicicleta-abandonada-en-barrio-san-vicente","status":"publish","type":"post","link":"https:\/\/cdnoticias.com\/index.php\/2024\/04\/09\/encuentran-una-bicicleta-abandonada-en-barrio-san-vicente\/","title":{"rendered":"Encuentran una bicicleta abandonada en barrio San Vicente"},"content":{"rendered":"\n<p><\/p>\n\n\n\n<p>Se trata de una Mountanbike, rodado 26. La persona que acredite su propiedad podr\u00e1 retirarla de la comisar\u00eda Primera.<\/p>\n\n\n\n<hr class=\"wp-block-separator has-alpha-channel-opacity\"\/>\n\n\n\n<p>Personal del Comando de Patrulla de Olavarr\u00eda encontr\u00f3 una <strong>bicicleta abandonada sobre el cord\u00f3n en Lamadrid entre Del Valle y Pelegrino. <\/strong>Tras no encontrar a su propietario entre los vecinos <strong>fue trasladada a la sede de la comisar\u00eda Primera.<\/strong><\/p>\n\n\n\n<p><\/p>\n\n\n\n<p>Se trata de una <strong>bicicleta Mountanbike, rodado 26,<\/strong> sin marca visible con numeraci\u00f3n en su caja pedalera ilegible con signos de adulteraci\u00f3n observando FT2801-81803. Adem\u00e1s, se indic\u00f3 que se encuentra <strong>repintada con aerosol color negro mate, siendo la pintura original de color azul o celeste <\/strong>con calcoman\u00edas de color amarillas con la inscripci\u00f3n &#8221; WINGS&#8221;, con ruedas colocadas marca Philco.<\/p>\n\n\n\n<p><\/p>\n\n\n\n<p>Por otra parte, se indic\u00f3 que la persona propietaria de la bicicleta puede dirigirse a la sede policial ubicada en <strong>Belgrano 2439 de 8:00 a 12:00.<\/strong><\/p>\n\n\n\n<p><\/p>\n\n\n\n<p>Interviene la<strong> Ayudant\u00eda de Autores Ignorados<\/strong> a cargo de la doctora Mirta Deroni.<\/p>\n","protected":false},"excerpt":{"rendered":"<p>Se trata de una Mountanbike, rodado 26. La persona que acredite su propiedad podr\u00e1 retirarla de la comisar\u00eda Primera. Personal<\/p>\n","protected":false},"author":2,"featured_media":113319,"comment_status":"closed","ping_status":"closed","sticky":false,"template":"","format":"standard","meta":{"_jetpack_memberships_contains_paid_content":false,"footnotes":""},"categories":[14,1],"tags":[],"class_list":["post-113318","post","type-post","status-publish","format-standard","has-post-thumbnail","hentry","category-policiales","category-portada"],"jetpack_featured_media_url":"https:\/\/i0.wp.com\/cdnoticias.com\/wp-content\/uploads\/2024\/04\/bicicleta-hallazgo.jpg?fit=800%2C445&ssl=1","jetpack_sharing_enabled":true,"_links":{"self":[{"href":"https:\/\/cdnoticias.com\/index.php\/wp-json\/wp\/v2\/posts\/113318","targetHints":{"allow":["GET"]}}],"collection":[{"href":"https:\/\/cdnoticias.com\/index.php\/wp-json\/wp\/v2\/posts"}],"about":[{"href":"https:\/\/cdnoticias.com\/index.php\/wp-json\/wp\/v2\/types\/post"}],"author":[{"embeddable":true,"href":"https:\/\/cdnoticias.com\/index.php\/wp-json\/wp\/v2\/users\/2"}],"replies":[{"embeddable":true,"href":"https:\/\/cdnoticias.com\/index.php\/wp-json\/wp\/v2\/comments?post=113318"}],"version-history":[{"count":0,"href":"https:\/\/cdnoticias.com\/index.php\/wp-json\/wp\/v2\/posts\/113318\/revisions"}],"wp:featuredmedia":[{"embeddable":true,"href":"https:\/\/cdnoticias.com\/index.php\/wp-json\/wp\/v2\/media\/113319"}],"wp:attachment":[{"href":"https:\/\/cdnoticias.com\/index.php\/wp-json\/wp\/v2\/media?parent=113318"}],"wp:term":[{"taxonomy":"category","embeddable":true,"href":"https:\/\/cdnoticias.com\/index.php\/wp-json\/wp\/v2\/categories?post=113318"},{"taxonomy":"post_tag","embeddable":true,"href":"https:\/\/cdnoticias.com\/index.php\/wp-json\/wp\/v2\/tags?post=113318"}],"curies":[{"name":"wp","href":"https:\/\/api.w.org\/{rel}","templated":true}]}}