{"id":113257,"date":"2024-04-08T12:39:02","date_gmt":"2024-04-08T15:39:02","guid":{"rendered":"https:\/\/cdnoticias.com\/?p=113257"},"modified":"2024-04-08T18:58:04","modified_gmt":"2024-04-08T21:58:04","slug":"alcoholemia-positiva-y-numerosas-actas-por-infracciones-de-transito","status":"publish","type":"post","link":"https:\/\/cdnoticias.com\/index.php\/2024\/04\/08\/alcoholemia-positiva-y-numerosas-actas-por-infracciones-de-transito\/","title":{"rendered":"Alcoholemia positiva y numerosas actas por infracciones de tr\u00e1nsito"},"content":{"rendered":"\n<p><\/p>\n\n\n\n<p>Distintas tareas preventivas en materia de seguridad vial se desarrollaron durante el \u00faltimo fin de semana. Los resultados de los controles.<\/p>\n\n\n\n<hr class=\"wp-block-separator has-alpha-channel-opacity\"\/>\n\n\n\n<p>Desde la Subsecretar\u00eda de Protecci\u00f3n Ciudadana del Municipio se elabor\u00f3 un detalle acerca del saldo de las <strong>tareas preventivas en materia de seguridad vial desplegadas durante el \u00faltimo fin de semana.<\/strong><\/p>\n\n\n\n<p><\/p>\n\n\n\n<p>Se record\u00f3 que los dispositivos se realizan de manera permanente en puntos estrat\u00e9gicos de la ciudad y el Partido, a trav\u00e9s de agentes de la Direcci\u00f3n de Control Urbano y con la colaboraci\u00f3n de personal de la polic\u00eda Bonaerense.<\/p>\n\n\n\n<p><\/p>\n\n\n\n<p>Una de las situaciones m\u00e1s relevantes se dio con respecto al <strong>conductor de un ciclomotor<\/strong>, a quien el<strong> test de alcoholemia arroj\u00f3 un dosaje de 1.27 g\/l. <\/strong>Se recuerda que en todo el territorio bonaerense se encuentra en vigencia la Ley 15402, de \u201cAlcohol Cero\u201d.<\/p>\n\n\n\n<p><\/p>\n\n\n\n<p>A la par, tambi\u00e9n se labraron<strong> actas de infracci\u00f3n a varios motociclistas por la circulaci\u00f3n sin la documentaci\u00f3n correspondiente o la ausencia de luces,<\/strong> como as\u00ed tambi\u00e9n por la realizaci\u00f3n de <strong>\u201cruidos molestos\u201d debido a modificaciones en ca\u00f1os de escape<\/strong>, algo que infringe la Ordenanza Municipal 3978\/16.<\/p>\n\n\n\n<p><\/p>\n\n\n\n<p>En materia de motos, vale mencionar tambi\u00e9n la interceptaci\u00f3n en avenida Urquiza y Jos\u00e9 Luis Torres de un rodado (una Honda XR 250) sobre el cual reca\u00eda un <strong>pedido de secuestro activo por un \u201churto\u201d <\/strong>ocurrido a inicios del corriente a\u00f1o.<\/p>\n\n\n\n<p><\/p>\n\n\n\n<p>Por \u00faltimo, se detall\u00f3 que se sorprendi\u00f3 a un <strong>adolescente de 16 a\u00f1os conduciendo un autom\u00f3vil que no presentaba chapa patente trasera.<\/strong> Al ser interceptado se constat\u00f3 que <strong>no pose\u00eda licencia ni documentaci\u00f3n habilitante.<\/strong><\/p>\n\n\n\n<p><\/p>\n\n\n\n<p>Todas las actuaciones fueron puestas a disposici\u00f3n del<strong> Juzgado de Faltas Municipal.<\/strong><\/p>\n","protected":false},"excerpt":{"rendered":"<p>Distintas tareas preventivas en materia de seguridad vial se desarrollaron durante el \u00faltimo fin de semana. Los resultados de los<\/p>\n","protected":false},"author":2,"featured_media":113259,"comment_status":"closed","ping_status":"closed","sticky":false,"template":"","format":"standard","meta":{"_jetpack_memberships_contains_paid_content":false,"footnotes":""},"categories":[14,1],"tags":[],"class_list":["post-113257","post","type-post","status-publish","format-standard","has-post-thumbnail","hentry","category-policiales","category-portada"],"jetpack_featured_media_url":"https:\/\/i0.wp.com\/cdnoticias.com\/wp-content\/uploads\/2024\/04\/controles-transito.jpg?fit=800%2C445&ssl=1","jetpack_sharing_enabled":true,"_links":{"self":[{"href":"https:\/\/cdnoticias.com\/index.php\/wp-json\/wp\/v2\/posts\/113257","targetHints":{"allow":["GET"]}}],"collection":[{"href":"https:\/\/cdnoticias.com\/index.php\/wp-json\/wp\/v2\/posts"}],"about":[{"href":"https:\/\/cdnoticias.com\/index.php\/wp-json\/wp\/v2\/types\/post"}],"author":[{"embeddable":true,"href":"https:\/\/cdnoticias.com\/index.php\/wp-json\/wp\/v2\/users\/2"}],"replies":[{"embeddable":true,"href":"https:\/\/cdnoticias.com\/index.php\/wp-json\/wp\/v2\/comments?post=113257"}],"version-history":[{"count":0,"href":"https:\/\/cdnoticias.com\/index.php\/wp-json\/wp\/v2\/posts\/113257\/revisions"}],"wp:featuredmedia":[{"embeddable":true,"href":"https:\/\/cdnoticias.com\/index.php\/wp-json\/wp\/v2\/media\/113259"}],"wp:attachment":[{"href":"https:\/\/cdnoticias.com\/index.php\/wp-json\/wp\/v2\/media?parent=113257"}],"wp:term":[{"taxonomy":"category","embeddable":true,"href":"https:\/\/cdnoticias.com\/index.php\/wp-json\/wp\/v2\/categories?post=113257"},{"taxonomy":"post_tag","embeddable":true,"href":"https:\/\/cdnoticias.com\/index.php\/wp-json\/wp\/v2\/tags?post=113257"}],"curies":[{"name":"wp","href":"https:\/\/api.w.org\/{rel}","templated":true}]}}