{"id":113253,"date":"2024-04-08T13:08:32","date_gmt":"2024-04-08T16:08:32","guid":{"rendered":"https:\/\/cdnoticias.com\/?p=113253"},"modified":"2024-04-08T17:35:34","modified_gmt":"2024-04-08T20:35:34","slug":"se-profundiza-la-tendencia-fuerte-caida-de-los-despachos-de-cemento-en-marzo","status":"publish","type":"post","link":"https:\/\/cdnoticias.com\/index.php\/2024\/04\/08\/se-profundiza-la-tendencia-fuerte-caida-de-los-despachos-de-cemento-en-marzo\/","title":{"rendered":"Se profundiza la tendencia: fuerte ca\u00edda de los despachos de cemento en marzo"},"content":{"rendered":"<p>Es el quinto mes consecutivo con n\u00fameros en baja para el sector. La Asociaci\u00f3n de Fabricantes de Cemento Portland inform\u00f3 que la ca\u00edda fue de 42,9% en comparaci\u00f3n con marzo de 2023.<!--more--><\/p>\n<hr \/>\n<p>Los<strong> despachos de cemento<\/strong> volvieron a mostrarse <strong>en baja en el mes de marzo<\/strong>. Lo expone la <strong>Asociaci\u00f3n de Fabricantes de Cemento Portland (AFCP)<\/strong> en el informe mensual publicado donde dio cuenta de <strong>una baja de 42,9% en comparaci\u00f3n con marzo del a\u00f1o pasado<\/strong>.<\/p>\n<p>La tendencia es sostenida desde noviembre del a\u00f1o pasado: <strong>cinco meses consecutivos de ca\u00edda en el sector.<\/strong><\/p>\n<blockquote><p>Las empresas cementeras del pa\u00eds, dos de las cuales tienen plantas en Olavarr\u00eda, despacharon 638.824 toneladas de cemento durante el mes de marzo y en lo que va del a\u00f1o se acumulan 2.100.028 toneladas.<\/p><\/blockquote>\n<p>Los despachos del mes de marzo fueron <strong>7,2% menores a los del mes de febrero<\/strong> (688.364 toneladas despachadas el segundo mes de 2024).<\/p>\n<p>En el <strong>acumulado anual, la ca\u00edda es de 29,6%.<\/strong><\/p>\n<p><img data-recalc-dims=\"1\" loading=\"lazy\" decoding=\"async\" class=\"alignnone size-full wp-image-113254\" src=\"https:\/\/i0.wp.com\/cdnoticias.com\/wp-content\/uploads\/2024\/04\/despachos-de-cemento-marzo-2024.jpg?resize=800%2C445&#038;ssl=1\" alt=\"\" width=\"800\" height=\"445\" srcset=\"https:\/\/i0.wp.com\/cdnoticias.com\/wp-content\/uploads\/2024\/04\/despachos-de-cemento-marzo-2024.jpg?w=1000&amp;ssl=1 1000w, https:\/\/i0.wp.com\/cdnoticias.com\/wp-content\/uploads\/2024\/04\/despachos-de-cemento-marzo-2024.jpg?resize=300%2C167&amp;ssl=1 300w, https:\/\/i0.wp.com\/cdnoticias.com\/wp-content\/uploads\/2024\/04\/despachos-de-cemento-marzo-2024.jpg?resize=768%2C427&amp;ssl=1 768w, https:\/\/i0.wp.com\/cdnoticias.com\/wp-content\/uploads\/2024\/04\/despachos-de-cemento-marzo-2024.jpg?resize=800%2C445&amp;ssl=1 800w\" sizes=\"auto, (max-width: 800px) 100vw, 800px\" \/><\/p>\n<p>Los datos de marzo que present\u00f3 la AFCP representan adem\u00e1s una <strong>ruptura respecto de las tendencias anuales<\/strong>. Es que el tercer mes del a\u00f1o habitualmente muestra un ascenso en los despachos despu\u00e9s de la ca\u00edda en los meses de verano, aunque en esta ocasi\u00f3n no se dio y adem\u00e1s <strong>profundiz\u00f3 notoriamente la baja intermensual.<\/strong><\/p>\n<p>En los \u00faltimos a\u00f1os,<strong> la anterior excepci\u00f3n hab\u00eda sido 2020<\/strong>. En esa ocasi\u00f3n, cabe recordar, durante marzo de hab\u00eda declarado la emergencia sanitaria por la pandemia lo que implic\u00f3 la paralizaci\u00f3n total de la actividad industrial en el pa\u00eds y de los consumos.<\/p>\n<p>Los despachos de cemento son <strong>cifras significativas para la econom\u00eda olavarriense<\/strong> ya que de esta tendencia se desprende el comportamiento de los <strong>aportes en el Impuesto a la Piedra (Derecho de Explotaci\u00f3n de Canteras) cuyos principales contribuyentes son las empresas cementeras<\/strong> con asiento local. Cabe recordar que en Olavarr\u00eda se produce alrededor de 52% del cemento total de Argentina.<\/p>\n<p>Asimismo, por el <strong>impacto que esta industria tiene en el movimiento econ\u00f3mico general del distrito<\/strong>: la ca\u00edda que se profundiz\u00f3 en el inicio del a\u00f1o, y que alcanza a todo el sector de la construcci\u00f3n, ya muestra serias consecuencias para la actividad econ\u00f3mica general de Olavarr\u00eda.<\/p>\n","protected":false},"excerpt":{"rendered":"<p>Es el quinto mes consecutivo con n\u00fameros en baja para el sector. La Asociaci\u00f3n de Fabricantes de Cemento Portland inform\u00f3<\/p>\n","protected":false},"author":4,"featured_media":52306,"comment_status":"closed","ping_status":"closed","sticky":false,"template":"","format":"standard","meta":{"_jetpack_memberships_contains_paid_content":false,"footnotes":""},"categories":[5,1],"tags":[],"class_list":["post-113253","post","type-post","status-publish","format-standard","has-post-thumbnail","hentry","category-informacion-general","category-portada"],"jetpack_featured_media_url":"https:\/\/i0.wp.com\/cdnoticias.com\/wp-content\/uploads\/2022\/04\/cemento-construccion-loma-negra-2.jpeg?fit=1280%2C768&ssl=1","jetpack_sharing_enabled":true,"_links":{"self":[{"href":"https:\/\/cdnoticias.com\/index.php\/wp-json\/wp\/v2\/posts\/113253","targetHints":{"allow":["GET"]}}],"collection":[{"href":"https:\/\/cdnoticias.com\/index.php\/wp-json\/wp\/v2\/posts"}],"about":[{"href":"https:\/\/cdnoticias.com\/index.php\/wp-json\/wp\/v2\/types\/post"}],"author":[{"embeddable":true,"href":"https:\/\/cdnoticias.com\/index.php\/wp-json\/wp\/v2\/users\/4"}],"replies":[{"embeddable":true,"href":"https:\/\/cdnoticias.com\/index.php\/wp-json\/wp\/v2\/comments?post=113253"}],"version-history":[{"count":0,"href":"https:\/\/cdnoticias.com\/index.php\/wp-json\/wp\/v2\/posts\/113253\/revisions"}],"wp:featuredmedia":[{"embeddable":true,"href":"https:\/\/cdnoticias.com\/index.php\/wp-json\/wp\/v2\/media\/52306"}],"wp:attachment":[{"href":"https:\/\/cdnoticias.com\/index.php\/wp-json\/wp\/v2\/media?parent=113253"}],"wp:term":[{"taxonomy":"category","embeddable":true,"href":"https:\/\/cdnoticias.com\/index.php\/wp-json\/wp\/v2\/categories?post=113253"},{"taxonomy":"post_tag","embeddable":true,"href":"https:\/\/cdnoticias.com\/index.php\/wp-json\/wp\/v2\/tags?post=113253"}],"curies":[{"name":"wp","href":"https:\/\/api.w.org\/{rel}","templated":true}]}}