{"id":113243,"date":"2024-04-08T09:39:56","date_gmt":"2024-04-08T12:39:56","guid":{"rendered":"https:\/\/cdnoticias.com\/?p=113243"},"modified":"2024-04-08T12:39:21","modified_gmt":"2024-04-08T15:39:21","slug":"el-municipio-y-el-registro-provincial-de-las-personas-lanzan-operativos-de-documentacion","status":"publish","type":"post","link":"https:\/\/cdnoticias.com\/index.php\/2024\/04\/08\/el-municipio-y-el-registro-provincial-de-las-personas-lanzan-operativos-de-documentacion\/","title":{"rendered":"El Municipio y el Registro Provincial de las Personas lanzan operativos de documentaci\u00f3n"},"content":{"rendered":"<p>Los puestos digitales estar\u00e1n en distintos barrios. Los primeros se realizar\u00e1n el jueves en el Servicio Territorial N\u00b0 2 y el viernes en el Servicio Territorial N\u00b0 4.<!--more--><\/p>\n<hr \/>\n<p>Resultado de un <strong>trabajo coordinado<\/strong> con el <strong>Municipio de Olavarr\u00eda<\/strong>, el <strong>Registro Provincial de las Personas<\/strong> dispondr\u00e1 sus <strong>puestos digitales<\/strong> en distintos puntos de nuestra ciudad durante los d\u00edas<strong> jueves 11 y viernes 12 de abril<\/strong>, en el marco de los Operativos de Documentaci\u00f3n 2024.<\/p>\n<blockquote><p>\u201cEl objetivo es facilitar a la comunidad el acceso a diferentes tr\u00e1mites. Por tal motivo el Municipio dispuso que tales puestos se ubiquen en los servicios territoriales, para descentralizar la atenci\u00f3n y evitar que cada vecino tenga que trasladarse al centro de la ciudad\u201d se inform\u00f3 desde el gobierno local.<\/p><\/blockquote>\n<p>En este sentido, en los puestos dispuestos por personal del Registro bonaerense, se podr\u00e1 efectuar el <strong>tr\u00e1mite del DNI, solicitud de partidas, certificado de domicilio y extrav\u00edo, certificado de pre identificaci\u00f3n, empadronamiento de personas extranjeras e inicio de tr\u00e1mite de cambio de g\u00e9nero<\/strong>.<\/p>\n<p>El <strong>cronograma<\/strong> de atenci\u00f3n es el siguiente:<\/p>\n<ul>\n<li>Jueves 11: de 10 a 15 horas en el Servicio Municipal Territorial N\u00b0 2 (Av. Alberdi 2555 esquina Coronel Su\u00e1rez)<\/li>\n<li>Viernes 12: de 10 a 15 horas en el Servicio Municipal Territorial N\u00b0 4 (Beruti y R. Fal)<\/li>\n<\/ul>\n","protected":false},"excerpt":{"rendered":"<p>Los puestos digitales estar\u00e1n en distintos barrios. Los primeros se realizar\u00e1n el jueves en el Servicio Territorial N\u00b0 2 y<\/p>\n","protected":false},"author":4,"featured_media":113244,"comment_status":"closed","ping_status":"closed","sticky":false,"template":"","format":"standard","meta":{"_jetpack_memberships_contains_paid_content":false,"footnotes":""},"categories":[5,1],"tags":[],"class_list":["post-113243","post","type-post","status-publish","format-standard","has-post-thumbnail","hentry","category-informacion-general","category-portada"],"jetpack_featured_media_url":"https:\/\/i0.wp.com\/cdnoticias.com\/wp-content\/uploads\/2024\/04\/renaper-puesto-digital-00.jpg?fit=800%2C445&ssl=1","jetpack_sharing_enabled":true,"_links":{"self":[{"href":"https:\/\/cdnoticias.com\/index.php\/wp-json\/wp\/v2\/posts\/113243","targetHints":{"allow":["GET"]}}],"collection":[{"href":"https:\/\/cdnoticias.com\/index.php\/wp-json\/wp\/v2\/posts"}],"about":[{"href":"https:\/\/cdnoticias.com\/index.php\/wp-json\/wp\/v2\/types\/post"}],"author":[{"embeddable":true,"href":"https:\/\/cdnoticias.com\/index.php\/wp-json\/wp\/v2\/users\/4"}],"replies":[{"embeddable":true,"href":"https:\/\/cdnoticias.com\/index.php\/wp-json\/wp\/v2\/comments?post=113243"}],"version-history":[{"count":0,"href":"https:\/\/cdnoticias.com\/index.php\/wp-json\/wp\/v2\/posts\/113243\/revisions"}],"wp:featuredmedia":[{"embeddable":true,"href":"https:\/\/cdnoticias.com\/index.php\/wp-json\/wp\/v2\/media\/113244"}],"wp:attachment":[{"href":"https:\/\/cdnoticias.com\/index.php\/wp-json\/wp\/v2\/media?parent=113243"}],"wp:term":[{"taxonomy":"category","embeddable":true,"href":"https:\/\/cdnoticias.com\/index.php\/wp-json\/wp\/v2\/categories?post=113243"},{"taxonomy":"post_tag","embeddable":true,"href":"https:\/\/cdnoticias.com\/index.php\/wp-json\/wp\/v2\/tags?post=113243"}],"curies":[{"name":"wp","href":"https:\/\/api.w.org\/{rel}","templated":true}]}}