{"id":113232,"date":"2024-04-07T21:01:32","date_gmt":"2024-04-08T00:01:32","guid":{"rendered":"https:\/\/cdnoticias.com\/?p=113232"},"modified":"2024-04-08T07:56:38","modified_gmt":"2024-04-08T10:56:38","slug":"dengue-se-registraron-mas-de-50-000-casos-en-una-semana-y-la-cifra-asciende-a-232-8996","status":"publish","type":"post","link":"https:\/\/cdnoticias.com\/index.php\/2024\/04\/07\/dengue-se-registraron-mas-de-50-000-casos-en-una-semana-y-la-cifra-asciende-a-232-8996\/","title":{"rendered":"Dengue: se registraron m\u00e1s de 50.000 casos en una semana"},"content":{"rendered":"\n<p>Adem\u00e1s, hasta el momento se produjeron 161 muertes por la enfermedad, de las cuales 32 se contabilizaron en los \u00faltimos siete d\u00edas.<\/p>\n\n\n\n<hr class=\"wp-block-separator aligncenter has-alpha-channel-opacity\"\/>\n\n\n\n<p>El Ministerio de Salud de la Naci\u00f3n inform\u00f3 en el \u00faltimo Bolet\u00edn Epidemiol\u00f3gico Nacional (BEN) que en lo que va de la temporada 2023\/2024 <strong>se registraron en Argentina 232.996 casos<\/strong> de los cuales<strong> 215.885 corresponden a lo que va de 2024.<\/strong><\/p>\n\n\n\n<p><\/p>\n\n\n\n<p>En tanto, <strong>el 90% de estos casos es aut\u00f3ctono, el 7%&nbsp; est\u00e1 en investigaci\u00f3n y solo el 3% es importado.<\/strong> Adem\u00e1s, hasta el momento <strong>murieron 161 personas por la enfermedad.<\/strong><\/p>\n\n\n\n<p><\/p>\n\n\n\n<p>Cabe se\u00f1alar que la vigilancia de la circulaci\u00f3n del dengue se realiza de manera estacional, abarcando desde la semana epidemiol\u00f3gica 31 de un a\u00f1o hasta la semana 30 del siguiente, de invierno a invierno, para abarcar completa la estaci\u00f3n calidad de primavera y verano.<\/p>\n\n\n\n<p><\/p>\n\n\n\n<blockquote class=\"wp-block-quote is-layout-flow wp-block-quote-is-layout-flow\">\n<p>El domingo pasado el reporte del BEN hab\u00eda indicado 180.529 casos y 129 muertes, por lo que en la \u00faltima semana se confirmaron 52.467 contagios y 32 decesos.<\/p>\n<\/blockquote>\n\n\n\n<p><\/p>\n\n\n\n<p>La medici\u00f3n hasta lo que va del a\u00f1o ya super\u00f3 ampliamente el n\u00famero de casos r\u00e9cord registrado en la temporada anterior \u2013 de julio de 2022 a julio de 2023 \u2013 , que alcanz\u00f3 unos 130.000 y 65 muertos.<\/p>\n\n\n\n<p><\/p>\n\n\n\n<p>De acuerdo al BEN \u201c<em>en la actualidad 19 jurisdicciones en las 5 regiones del pa\u00eds registran circulaci\u00f3n viral aut\u00f3ctona de dengue (todas las de las regiones NOA, NEA, Cuyo y Centro, y la provincia de La Pampa en la regi\u00f3n Sur\u201d.<\/em><\/p>\n\n\n\n<p><\/p>\n\n\n\n<p>\u201cEn cuanto al an\u00e1lisis por regi\u00f3n, hasta el momento en esta temporada el mayor n\u00famero de casos -56%- es aportado por la regi\u00f3n Centro seguida por la regi\u00f3n NEA -24%- y NOA \u2013 19%-.<\/p>\n\n\n\n<p><\/p>\n\n\n\n<p>En t\u00e9rminos de incidencia acumulada (casos cada cien mil habitantes) la elevada es hasta el momento la de la regi\u00f3n del NEA seguidas por NOA y Centro. Las regiones Cuyo y Sur son las que presentan el menor n\u00famero de casos y las incidencias acumuladas m\u00e1s bajas\u201d, a\u00f1adi\u00f3 el documento.<\/p>\n\n\n\n<p><\/p>\n\n\n\n<blockquote class=\"wp-block-quote is-layout-flow wp-block-quote-is-layout-flow\">\n<p>De igual modo, el informe subray\u00f3 que en comparaci\u00f3n con otros a\u00f1os epid\u00e9micos, la actual temporada se caracteriza por mayor magnitud que temporadas epid\u00e9micas previas: los casos acumulados hasta la semana 13 representan casi 4 veces los registrados en el mismo per\u00edodo de la temporada anterior -2022\/2023- y m\u00e1s de 9 veces lo registrado en el mismo per\u00edodo de 2019\/2020.<\/p>\n<\/blockquote>\n\n\n\n<p><\/p>\n\n\n\n<p>El dengue es una enfermedad viral transmitida por la picadura del <strong>mosquito Aedes aegypti.<\/strong> Cuando el mosquito se alimenta con sangre de una persona infectada y luego pica a otras personas, puede transmitir la enfermedad. <strong>El contagio no se produce de forma directa de una persona a otra, ni a trav\u00e9s de objetos o de la leche materna.<\/strong><\/p>\n\n\n\n<p><\/p>\n\n\n\n<p class=\"has-medium-font-size\"><strong>Fases de la enfermedad y s\u00edntomas<\/strong><\/p>\n\n\n\n<p><\/p>\n\n\n\n<p>La infecci\u00f3n de dengue se manifiesta en tres fases: <strong>febril, cr\u00edtica y de recuperaci\u00f3n.<\/strong><\/p>\n\n\n\n<p><\/p>\n\n\n\n<p>La <strong>fase febril puede durar hasta siete d\u00edas<\/strong> y es la que manifiesta la enfermedad. Se caracteriza por<strong> fiebre alta y constante, de entre 38 y 40 grados, <\/strong>malestar general, dolor de cabeza y articular, molestias musculares e irritaci\u00f3n de la piel con enrojecimiento.<\/p>\n\n\n\n<p><\/p>\n\n\n\n<blockquote class=\"wp-block-quote is-layout-flow wp-block-quote-is-layout-flow\">\n<p>Se recomienda reposo, no automedicarse y tomar mucho l\u00edquido para eliminar toxinas. En caso de tener mucho dolor corporal o de cabeza, se indica tomar paracetamol.<\/p>\n<\/blockquote>\n\n\n\n<p><\/p>\n\n\n\n<p>La <strong>fase cr\u00edtica aparece entre el tercer y s\u00e9ptimo d\u00eda <\/strong>de evoluci\u00f3n de la enfermedad. Si bien se puede experimentar cierta mejor\u00eda porque baja la fiebre alta, se recomienda <strong>permanecer en reposo.<\/strong><\/p>\n\n\n\n<p><\/p>\n\n\n\n<p>Pueden manifestarse otros s\u00edntomas en este per\u00edodo, que son los correspondientes a los del dengue grave, como <strong>problemas gastrointestinales, inflamaci\u00f3n del h\u00edgado, sangrado de mucosas, irritabilidad y somnolencia.<\/strong> Indican que basta un solo s\u00edntomas para <strong>acudir de inmediato al m\u00e9dico, <\/strong>porque el cuadro puede ser severo.<\/p>\n\n\n\n<p><\/p>\n\n\n\n<p>La <strong>fase de recuperaci\u00f3n se da entre el s\u00e9ptimo y d\u00e9cimo d\u00edas<\/strong> de la infecci\u00f3n. Mejora del estado general de la persona y <strong>los s\u00edntomas decrecen.<\/strong><\/p>\n\n\n\n<p><\/p>\n\n\n\n<blockquote class=\"wp-block-quote is-layout-flow wp-block-quote-is-layout-flow\">\n<p>En tanto, quienes padezcan enfermedades cr\u00f3nicas de base, deben seguir en contacto con los m\u00e9dicos, para evitar complicaciones.<\/p>\n<\/blockquote>\n\n\n\n<p><\/p>\n\n\n\n<p>El <strong>an\u00e1lisis para detectar y diagnosticar dengue tarda unas 48 horas.<\/strong> Es recomendable realizarlo para confirmar la presencia del virus, ya que en una segunda infecci\u00f3n la situaci\u00f3n para el paciente puede ser muy grave, hasta mortal.<\/p>\n\n\n\n<p><\/p>\n\n\n\n<p>Una vez que se ha padecido la enfermedad, se recomienda<strong> dejar pasar tres meses y aplicarse la vacuna, <\/strong>para evitar en una segunda infecci\u00f3n un cuadro hemorr\u00e1gico o grave.<\/p>\n\n\n\n<p><\/p>\n\n\n\n<p><em>Fuente: DIB<\/em><\/p>\n","protected":false},"excerpt":{"rendered":"<p>Adem\u00e1s, hasta el momento se produjeron 161 muertes por la enfermedad, de las cuales 32 se contabilizaron en los \u00faltimos<\/p>\n","protected":false},"author":6,"featured_media":113233,"comment_status":"closed","ping_status":"closed","sticky":false,"template":"","format":"standard","meta":{"_jetpack_memberships_contains_paid_content":false,"footnotes":""},"categories":[6,1],"tags":[],"class_list":["post-113232","post","type-post","status-publish","format-standard","has-post-thumbnail","hentry","category-nacionales","category-portada"],"jetpack_featured_media_url":"https:\/\/i0.wp.com\/cdnoticias.com\/wp-content\/uploads\/2024\/04\/fiebre-dengue.png?fit=693%2C417&ssl=1","jetpack_sharing_enabled":true,"_links":{"self":[{"href":"https:\/\/cdnoticias.com\/index.php\/wp-json\/wp\/v2\/posts\/113232","targetHints":{"allow":["GET"]}}],"collection":[{"href":"https:\/\/cdnoticias.com\/index.php\/wp-json\/wp\/v2\/posts"}],"about":[{"href":"https:\/\/cdnoticias.com\/index.php\/wp-json\/wp\/v2\/types\/post"}],"author":[{"embeddable":true,"href":"https:\/\/cdnoticias.com\/index.php\/wp-json\/wp\/v2\/users\/6"}],"replies":[{"embeddable":true,"href":"https:\/\/cdnoticias.com\/index.php\/wp-json\/wp\/v2\/comments?post=113232"}],"version-history":[{"count":0,"href":"https:\/\/cdnoticias.com\/index.php\/wp-json\/wp\/v2\/posts\/113232\/revisions"}],"wp:featuredmedia":[{"embeddable":true,"href":"https:\/\/cdnoticias.com\/index.php\/wp-json\/wp\/v2\/media\/113233"}],"wp:attachment":[{"href":"https:\/\/cdnoticias.com\/index.php\/wp-json\/wp\/v2\/media?parent=113232"}],"wp:term":[{"taxonomy":"category","embeddable":true,"href":"https:\/\/cdnoticias.com\/index.php\/wp-json\/wp\/v2\/categories?post=113232"},{"taxonomy":"post_tag","embeddable":true,"href":"https:\/\/cdnoticias.com\/index.php\/wp-json\/wp\/v2\/tags?post=113232"}],"curies":[{"name":"wp","href":"https:\/\/api.w.org\/{rel}","templated":true}]}}