{"id":113175,"date":"2024-04-06T17:02:23","date_gmt":"2024-04-06T20:02:23","guid":{"rendered":"https:\/\/cdnoticias.com\/?p=113175"},"modified":"2024-04-07T10:07:42","modified_gmt":"2024-04-07T13:07:42","slug":"sociales-celebro-un-convenio-con-la-mutual-de-arte-popular-arrebatando-lagrimas","status":"publish","type":"post","link":"https:\/\/cdnoticias.com\/index.php\/2024\/04\/06\/sociales-celebro-un-convenio-con-la-mutual-de-arte-popular-arrebatando-lagrimas\/","title":{"rendered":"Sociales celebr\u00f3 un convenio con la Mutual de Arte Popular Arrebatando L\u00e1grimas"},"content":{"rendered":"\n<p>Se trabajar\u00e1 sobre la sistematizaci\u00f3n y puesta en valor de la conformaci\u00f3n de la Murga Arrebatando L\u00e1grimas como una organizaci\u00f3n comunitaria dedicada a la producci\u00f3n de arte popular en Olavarr\u00eda.<\/p>\n\n\n\n<hr class=\"wp-block-separator aligncenter has-alpha-channel-opacity\"\/>\n\n\n\n<p>Este viernes se llev\u00f3 adelante la <strong>firma del convenio marco <\/strong>entre la Universidad Nacional del Centro de la Provincia de Buenos Aires y la Mutual de Arte Popular <strong>Murga Arrebatando L\u00e1grimas<\/strong> en la sede de la <strong>Facultad de Ciencias Sociales.<\/strong><\/p>\n\n\n\n<p><\/p>\n\n\n\n<p>Estuvieron presentes la decana, Licenciada Gabriela Gamberini y la presidenta de la Mutual, Daniela Rodr\u00edguez, mientras que el rector de la Universidad Nacional del Centro de la Provincia de Buenos Aires, el doctor Marcelo Aba, particip\u00f3 de manera virtual.<\/p>\n\n\n\n<p><\/p>\n\n\n\n<p>Tambi\u00e9n estuvieron presentes el Licenciado Nicol\u00e1s Casado, Secretario de Extensi\u00f3n, Bienestar y Transferencia de FACSO; la Doctora Rosana Sosa, coordinadora del Programa de Econom\u00eda Social Solidaria y Popular (PESSyP) de la FACSO y la Esp. Florencia Torregiani, docente de la FACSO e integrante de la Mutual de Arte Popular.<\/p>\n\n\n\n<p><\/p>\n\n\n\n<p>En el marco de la firma, desde Arrebatando L\u00e1grimas detallaron el funcionamiento de la Mutual de Arte Popular a lo largo de sus <strong>25 a\u00f1os de historia<\/strong>, y destacaron la importancia para el espacio de poder <strong>establecer un v\u00ednculo con la Universidad.<\/strong><\/p>\n\n\n\n<p><\/p>\n\n\n\n<figure class=\"wp-block-image aligncenter size-full\"><img data-recalc-dims=\"1\" loading=\"lazy\" decoding=\"async\" width=\"800\" height=\"402\" src=\"https:\/\/i0.wp.com\/cdnoticias.com\/wp-content\/uploads\/2024\/04\/convenio-murga-facso.png?resize=800%2C402&#038;ssl=1\" alt=\"\" class=\"wp-image-113177\" srcset=\"https:\/\/i0.wp.com\/cdnoticias.com\/wp-content\/uploads\/2024\/04\/convenio-murga-facso.png?w=986&amp;ssl=1 986w, https:\/\/i0.wp.com\/cdnoticias.com\/wp-content\/uploads\/2024\/04\/convenio-murga-facso.png?resize=300%2C151&amp;ssl=1 300w, https:\/\/i0.wp.com\/cdnoticias.com\/wp-content\/uploads\/2024\/04\/convenio-murga-facso.png?resize=768%2C386&amp;ssl=1 768w\" sizes=\"auto, (max-width: 800px) 100vw, 800px\" \/><\/figure>\n\n\n\n<p><\/p>\n\n\n\n<blockquote class=\"wp-block-quote is-layout-flow wp-block-quote-is-layout-flow\">\n<p>Espec\u00edficamente, a trav\u00e9s de este convenio se trabajar\u00e1 sobre la sistematizaci\u00f3n y puesta en valor de la conformaci\u00f3n de la Murga Arrebatando L\u00e1grimas como una organizaci\u00f3n comunitaria dedicada a la producci\u00f3n de arte popular en Olavarr\u00eda.<\/p>\n<\/blockquote>\n\n\n\n<p><\/p>\n\n\n\n<p>El estudio se encuadra en el campo de la econom\u00eda social y busca hacer <strong>aportes al fortalecimiento de las instituciones<\/strong> y unidades productivas para el caso de ciudades intermedias de la Provincia de Buenos Aires desde la sistematizaci\u00f3n de experiencias, saberes y pr\u00e1cticas de los actores sociales en clave de las representaciones colectivas que remiten a la identidad, a la historia y a los emblemas urbanos.<\/p>\n\n\n\n<p><\/p>\n\n\n\n<p>Desde FACSO trabajar\u00e1n en este proyecto la Dra. Sosa, la Esp. Torregiani y la Lic. Solange Rivarola Vales, desde el Programa de Econom\u00eda Social Solidaria y Popular y el n\u00facleo Producciones e Investigaciones Comunicaciones y Sociales de la Ciudad Intermedia (PROINCOMSCI).<\/p>\n","protected":false},"excerpt":{"rendered":"<p>Se trabajar\u00e1 sobre la sistematizaci\u00f3n y puesta en valor de la conformaci\u00f3n de la Murga Arrebatando L\u00e1grimas como una organizaci\u00f3n<\/p>\n","protected":false},"author":6,"featured_media":113178,"comment_status":"closed","ping_status":"closed","sticky":false,"template":"","format":"standard","meta":{"_jetpack_memberships_contains_paid_content":false,"footnotes":""},"categories":[5,1],"tags":[],"class_list":["post-113175","post","type-post","status-publish","format-standard","has-post-thumbnail","hentry","category-informacion-general","category-portada"],"jetpack_featured_media_url":"https:\/\/i0.wp.com\/cdnoticias.com\/wp-content\/uploads\/2024\/04\/convenio-murga-facso1.png?fit=988%2C489&ssl=1","jetpack_sharing_enabled":true,"_links":{"self":[{"href":"https:\/\/cdnoticias.com\/index.php\/wp-json\/wp\/v2\/posts\/113175","targetHints":{"allow":["GET"]}}],"collection":[{"href":"https:\/\/cdnoticias.com\/index.php\/wp-json\/wp\/v2\/posts"}],"about":[{"href":"https:\/\/cdnoticias.com\/index.php\/wp-json\/wp\/v2\/types\/post"}],"author":[{"embeddable":true,"href":"https:\/\/cdnoticias.com\/index.php\/wp-json\/wp\/v2\/users\/6"}],"replies":[{"embeddable":true,"href":"https:\/\/cdnoticias.com\/index.php\/wp-json\/wp\/v2\/comments?post=113175"}],"version-history":[{"count":0,"href":"https:\/\/cdnoticias.com\/index.php\/wp-json\/wp\/v2\/posts\/113175\/revisions"}],"wp:featuredmedia":[{"embeddable":true,"href":"https:\/\/cdnoticias.com\/index.php\/wp-json\/wp\/v2\/media\/113178"}],"wp:attachment":[{"href":"https:\/\/cdnoticias.com\/index.php\/wp-json\/wp\/v2\/media?parent=113175"}],"wp:term":[{"taxonomy":"category","embeddable":true,"href":"https:\/\/cdnoticias.com\/index.php\/wp-json\/wp\/v2\/categories?post=113175"},{"taxonomy":"post_tag","embeddable":true,"href":"https:\/\/cdnoticias.com\/index.php\/wp-json\/wp\/v2\/tags?post=113175"}],"curies":[{"name":"wp","href":"https:\/\/api.w.org\/{rel}","templated":true}]}}