{"id":113142,"date":"2024-04-06T14:27:10","date_gmt":"2024-04-06T17:27:10","guid":{"rendered":"https:\/\/cdnoticias.com\/?p=113142"},"modified":"2024-04-06T14:27:12","modified_gmt":"2024-04-06T17:27:12","slug":"corte-de-luz-programado-en-sierra-chica","status":"publish","type":"post","link":"https:\/\/cdnoticias.com\/index.php\/2024\/04\/06\/corte-de-luz-programado-en-sierra-chica\/","title":{"rendered":"Corte de luz programado en Sierra Chica"},"content":{"rendered":"\n<p>Ser\u00e1 este domingo de 10:00 a 13:00 horas por tareas de mantenimiento.<\/p>\n\n\n\n<hr class=\"wp-block-separator aligncenter has-alpha-channel-opacity\"\/>\n\n\n\n<p>Desde Coopelectric se inform\u00f3 que <strong>este domingo se producir\u00e1 la interrupci\u00f3n del servicio el\u00e9ctrico<\/strong> en <strong>Sierra Chica.<\/strong><\/p>\n\n\n\n<p><\/p>\n\n\n\n<p>Ser\u00e1 en el horario de <strong>10:00 a 13:00 <\/strong>en el sector comprendido por las calles <strong>avenida Centenario- Uni\u00f3n de los Pueblos- avenida de los Fundadores- Catriel.<\/strong><\/p>\n\n\n\n<p><\/p>\n\n\n\n<blockquote class=\"wp-block-quote is-layout-flow wp-block-quote-is-layout-flow\">\n<p>Adem\u00e1s, se indic\u00f3 que el corte afectar\u00e1 la zona de canteras y el Aut\u00f3dromo.<\/p>\n<\/blockquote>\n\n\n\n<p><\/p>\n\n\n\n<p>El motivo del corte es por <strong>mantenimiento<\/strong> y las tareas puede reprogramarse si las condiciones clim\u00e1ticas son adversas.<\/p>\n","protected":false},"excerpt":{"rendered":"<p>Ser\u00e1 este domingo de 10:00 a 13:00 horas por tareas de mantenimiento. Desde Coopelectric se inform\u00f3 que este domingo se<\/p>\n","protected":false},"author":6,"featured_media":100388,"comment_status":"closed","ping_status":"closed","sticky":false,"template":"","format":"standard","meta":{"_jetpack_memberships_contains_paid_content":false,"footnotes":""},"categories":[5,1],"tags":[],"class_list":["post-113142","post","type-post","status-publish","format-standard","has-post-thumbnail","hentry","category-informacion-general","category-portada"],"jetpack_featured_media_url":"https:\/\/i0.wp.com\/cdnoticias.com\/wp-content\/uploads\/2023\/10\/coopelectric-camion1.webp?fit=800%2C445&ssl=1","jetpack_sharing_enabled":true,"_links":{"self":[{"href":"https:\/\/cdnoticias.com\/index.php\/wp-json\/wp\/v2\/posts\/113142","targetHints":{"allow":["GET"]}}],"collection":[{"href":"https:\/\/cdnoticias.com\/index.php\/wp-json\/wp\/v2\/posts"}],"about":[{"href":"https:\/\/cdnoticias.com\/index.php\/wp-json\/wp\/v2\/types\/post"}],"author":[{"embeddable":true,"href":"https:\/\/cdnoticias.com\/index.php\/wp-json\/wp\/v2\/users\/6"}],"replies":[{"embeddable":true,"href":"https:\/\/cdnoticias.com\/index.php\/wp-json\/wp\/v2\/comments?post=113142"}],"version-history":[{"count":0,"href":"https:\/\/cdnoticias.com\/index.php\/wp-json\/wp\/v2\/posts\/113142\/revisions"}],"wp:featuredmedia":[{"embeddable":true,"href":"https:\/\/cdnoticias.com\/index.php\/wp-json\/wp\/v2\/media\/100388"}],"wp:attachment":[{"href":"https:\/\/cdnoticias.com\/index.php\/wp-json\/wp\/v2\/media?parent=113142"}],"wp:term":[{"taxonomy":"category","embeddable":true,"href":"https:\/\/cdnoticias.com\/index.php\/wp-json\/wp\/v2\/categories?post=113142"},{"taxonomy":"post_tag","embeddable":true,"href":"https:\/\/cdnoticias.com\/index.php\/wp-json\/wp\/v2\/tags?post=113142"}],"curies":[{"name":"wp","href":"https:\/\/api.w.org\/{rel}","templated":true}]}}