{"id":11314,"date":"2021-01-13T12:00:57","date_gmt":"2021-01-13T15:00:57","guid":{"rendered":"http:\/\/www.centraldenoticias.com.ar\/?p=11314"},"modified":"2021-01-13T13:28:51","modified_gmt":"2021-01-13T16:28:51","slug":"esta-identificado-el-autor-del-homicidio-del-interno-de-la-unidad-2","status":"publish","type":"post","link":"https:\/\/cdnoticias.com\/index.php\/2021\/01\/13\/esta-identificado-el-autor-del-homicidio-del-interno-de-la-unidad-2\/","title":{"rendered":"Est\u00e1 identificado el autor del homicidio del interno de la Unidad 2"},"content":{"rendered":"<p>Central de Noticias pudo confirmar que avanzan las averiguaciones en la sede carcelaria de Sierra Chica.<!--more--><\/p>\n<hr \/>\n<p>La investigaci\u00f3n por el <a href=\"https:\/\/cdnoticias.com\/index.php\/2021\/01\/13\/homicidio-en-la-unidad-2\/\" target=\"_blank\" rel=\"noopener\">homicidio de Joel Alberto Picoya Vilches ocurrido en la Unidad Penal 2<\/a> de Sierra Chica avanza y ya hay importantes novedades.<\/p>\n<p>Los investigadores de la <strong>Ayudant\u00eda de Delitos Carcelarios de la UFI N.\u00ba 19<\/strong> local que encabeza el fiscal Lucas Moyano, trabajan a\u00fan en la sede carcelaria de Sierra Chica.<\/p>\n<p><strong>Central de Noticias<\/strong> pudo confirmar de manera extraoficial que <strong>ya est\u00e1 establecida la autor\u00eda del caso<\/strong>.<\/p>\n<p>De igual manera, se pudo saber que a\u00fan <strong>resta la realizaci\u00f3n de medidas probatorias y pericias sumamente importantes<\/strong> para el desarrollo de la investigaci\u00f3n, entre ellas la autopsia.<\/p>\n<p>El homicidio ocurri\u00f3 en las primeras horas de este martes en lo que se presume fue un contexto de pelea dentro de una celda en el Pabell\u00f3n 8 de la Unidad 2 de m\u00e1xima seguridad. Tal como adelant\u00f3 este medio, la v\u00edctima habr\u00eda sufrido <strong>al menos dos pu\u00f1aladas<\/strong>.<\/p>\n","protected":false},"excerpt":{"rendered":"<p>Central de Noticias pudo confirmar que avanzan las averiguaciones en la sede carcelaria de Sierra Chica.<\/p>\n","protected":false},"author":4,"featured_media":11313,"comment_status":"closed","ping_status":"closed","sticky":false,"template":"","format":"standard","meta":{"_jetpack_memberships_contains_paid_content":false,"footnotes":""},"categories":[14,1],"tags":[],"class_list":["post-11314","post","type-post","status-publish","format-standard","has-post-thumbnail","hentry","category-policiales","category-portada"],"jetpack_featured_media_url":"https:\/\/i0.wp.com\/cdnoticias.com\/wp-content\/uploads\/2021\/01\/unidad-2-sierra-chica.jpg?fit=1200%2C670&ssl=1","jetpack_sharing_enabled":true,"_links":{"self":[{"href":"https:\/\/cdnoticias.com\/index.php\/wp-json\/wp\/v2\/posts\/11314","targetHints":{"allow":["GET"]}}],"collection":[{"href":"https:\/\/cdnoticias.com\/index.php\/wp-json\/wp\/v2\/posts"}],"about":[{"href":"https:\/\/cdnoticias.com\/index.php\/wp-json\/wp\/v2\/types\/post"}],"author":[{"embeddable":true,"href":"https:\/\/cdnoticias.com\/index.php\/wp-json\/wp\/v2\/users\/4"}],"replies":[{"embeddable":true,"href":"https:\/\/cdnoticias.com\/index.php\/wp-json\/wp\/v2\/comments?post=11314"}],"version-history":[{"count":0,"href":"https:\/\/cdnoticias.com\/index.php\/wp-json\/wp\/v2\/posts\/11314\/revisions"}],"wp:featuredmedia":[{"embeddable":true,"href":"https:\/\/cdnoticias.com\/index.php\/wp-json\/wp\/v2\/media\/11313"}],"wp:attachment":[{"href":"https:\/\/cdnoticias.com\/index.php\/wp-json\/wp\/v2\/media?parent=11314"}],"wp:term":[{"taxonomy":"category","embeddable":true,"href":"https:\/\/cdnoticias.com\/index.php\/wp-json\/wp\/v2\/categories?post=11314"},{"taxonomy":"post_tag","embeddable":true,"href":"https:\/\/cdnoticias.com\/index.php\/wp-json\/wp\/v2\/tags?post=11314"}],"curies":[{"name":"wp","href":"https:\/\/api.w.org\/{rel}","templated":true}]}}