{"id":113115,"date":"2024-04-06T12:30:03","date_gmt":"2024-04-06T15:30:03","guid":{"rendered":"https:\/\/cdnoticias.com\/?p=113115"},"modified":"2024-04-06T12:30:06","modified_gmt":"2024-04-06T15:30:06","slug":"marcelo-justo-presento-el-libro-el-regreso-de-la-noche","status":"publish","type":"post","link":"https:\/\/cdnoticias.com\/index.php\/2024\/04\/06\/marcelo-justo-presento-el-libro-el-regreso-de-la-noche\/","title":{"rendered":"Marcelo Justo present\u00f3 el libro \u201cEl regreso de la noche\u201d"},"content":{"rendered":"\n<p>El periodista y corresponsal en Reino Unido present\u00f3 en el Centro Cultural Universitario de Olavarr\u00eda su obra de relatos, algunos de los que fueron publicados en las contratapas de P\u00e1gina\/12.<\/p>\n\n\n\n<hr class=\"wp-block-separator aligncenter has-alpha-channel-opacity\"\/>\n\n\n\n<p>El <strong>periodista Marcelo Justo present\u00f3 su libro de relatos<\/strong> \u201c<strong><em>El regreso de la noche<\/em><\/strong>\u201d, una <strong>serie de cuentos<\/strong> que escribi\u00f3 a lo largo de varios a\u00f1os y que principalmente tuvieron como disparador sus sue\u00f1os.<\/p>\n\n\n\n<p><\/p>\n\n\n\n<p>\u201cEl regreso de la noche\u201d, su \u00f3pera prima, est\u00e1<strong> constituida por 14 relatos, <\/strong>diez de los cuales se relacionan con la <strong>\u00faltima dictadura c\u00edvico-militar argentina<\/strong>, relatos que fueron escritos a partir de distintas temporalidades.<\/p>\n\n\n\n<p><\/p>\n\n\n\n<p>\u201cEl trasfondo de los cuentos es la relaci\u00f3n entre sujeto e historia\u201d, describi\u00f3 Justo en la presentaci\u00f3n del libro, que cuenta con el pr\u00f3logo del escritor Guillermo Saccomanno.<\/p>\n\n\n\n<p><\/p>\n\n\n\n<p>Detall\u00f3, mientras le\u00eda algunos de los relatos, que <strong>las obras est\u00e1n marcadas tambi\u00e9n por el psicoan\u00e1lisis, <\/strong>as\u00ed como por experiencias y vivencias personales, incluso de escenas posibles que nunca sucedieron.<\/p>\n\n\n\n<p><\/p>\n\n\n\n<figure class=\"wp-block-image aligncenter size-full\"><img data-recalc-dims=\"1\" loading=\"lazy\" decoding=\"async\" width=\"800\" height=\"496\" src=\"https:\/\/i0.wp.com\/cdnoticias.com\/wp-content\/uploads\/2024\/04\/justo-presentacion-libro2.png?resize=800%2C496&#038;ssl=1\" alt=\"\" class=\"wp-image-113118\" srcset=\"https:\/\/i0.wp.com\/cdnoticias.com\/wp-content\/uploads\/2024\/04\/justo-presentacion-libro2.png?w=1000&amp;ssl=1 1000w, https:\/\/i0.wp.com\/cdnoticias.com\/wp-content\/uploads\/2024\/04\/justo-presentacion-libro2.png?resize=300%2C186&amp;ssl=1 300w, https:\/\/i0.wp.com\/cdnoticias.com\/wp-content\/uploads\/2024\/04\/justo-presentacion-libro2.png?resize=768%2C476&amp;ssl=1 768w\" sizes=\"auto, (max-width: 800px) 100vw, 800px\" \/><\/figure>\n\n\n\n<p><\/p>\n\n\n\n<p>El t\u00edtulo del libro corresponde a uno de los cuentos que lo integran, el cual escribi\u00f3 a principios de la d\u00e9cada del \u201890. \u201c<strong><em>Hoy hay un miedo de que la historia vuelva al mismo lugar, en el retorno de la noche; y hay que empezar todo de nuevo\u201d,<\/em><\/strong> analiz\u00f3 sobre el actual contexto social de nuestro pa\u00eds.<\/p>\n\n\n\n<p><\/p>\n\n\n\n<p>En la presentaci\u00f3n refiri\u00f3 que la mayor\u00eda de los cuentos los escribi\u00f3 en la <strong>etapa de la pandemia,<\/strong> luego de que dejara de trabajar para la BBC, cuando comenz\u00f3 a intensificar la escritura de ficci\u00f3n.<\/p>\n\n\n\n<p><\/p>\n\n\n\n<p>Particularmente, cont\u00f3 que los relatos \u201c<em>surgieron durmiendo, se desprenden de sue\u00f1os, algunas veces los sue\u00f1os fueron disparadores para escribir los cuentos, y otras veces los fui relacionando con experiencias personales o con escenas de la vida que podr\u00edan haber sido\u201d.<\/em> Para eso escribe sus sue\u00f1os en un anotador que lo acompa\u00f1a a todos lados.<\/p>\n\n\n\n<p><\/p>\n\n\n\n<p class=\"has-medium-font-size\"><strong>Sobre el autor<\/strong><\/p>\n\n\n\n<p>Marcelo Justo naci\u00f3 en Buenos Aires y se licenci\u00f3 en Psicolog\u00eda en la UBA. Ejerci\u00f3 el Psicoan\u00e1lisis, trabaj\u00f3 como traductor y profesor de espa\u00f1ol en Londres y Hong Kong, donde comenz\u00f3 su carrera period\u00edstica en la Agencia EFE.<\/p>\n\n\n\n<p>Es corresponsal del diario argentino P\u00e1gina\/12 en Inglaterra desde 1992, conductor de Justicia Impositiva, un programa radial sobre para\u00edsos fiscales y trabaj\u00f3 en la BBC durante 20 a\u00f1os.<\/p>\n\n\n\n<p>Ha residido en Buenos Aires, Londres, Madrid, Corea del Sur y Hong Kong y ha colaborado con numerosos medios de Europa y Am\u00e9rica Latina.<\/p>\n","protected":false},"excerpt":{"rendered":"<p>El periodista y corresponsal en Reino Unido present\u00f3 en el Centro Cultural Universitario de Olavarr\u00eda su obra de relatos, algunos<\/p>\n","protected":false},"author":6,"featured_media":113117,"comment_status":"closed","ping_status":"closed","sticky":false,"template":"","format":"standard","meta":{"_jetpack_memberships_contains_paid_content":false,"footnotes":""},"categories":[5,1],"tags":[],"class_list":["post-113115","post","type-post","status-publish","format-standard","has-post-thumbnail","hentry","category-informacion-general","category-portada"],"jetpack_featured_media_url":"https:\/\/i0.wp.com\/cdnoticias.com\/wp-content\/uploads\/2024\/04\/justo-presentacion-libro.png?fit=843%2C431&ssl=1","jetpack_sharing_enabled":true,"_links":{"self":[{"href":"https:\/\/cdnoticias.com\/index.php\/wp-json\/wp\/v2\/posts\/113115","targetHints":{"allow":["GET"]}}],"collection":[{"href":"https:\/\/cdnoticias.com\/index.php\/wp-json\/wp\/v2\/posts"}],"about":[{"href":"https:\/\/cdnoticias.com\/index.php\/wp-json\/wp\/v2\/types\/post"}],"author":[{"embeddable":true,"href":"https:\/\/cdnoticias.com\/index.php\/wp-json\/wp\/v2\/users\/6"}],"replies":[{"embeddable":true,"href":"https:\/\/cdnoticias.com\/index.php\/wp-json\/wp\/v2\/comments?post=113115"}],"version-history":[{"count":0,"href":"https:\/\/cdnoticias.com\/index.php\/wp-json\/wp\/v2\/posts\/113115\/revisions"}],"wp:featuredmedia":[{"embeddable":true,"href":"https:\/\/cdnoticias.com\/index.php\/wp-json\/wp\/v2\/media\/113117"}],"wp:attachment":[{"href":"https:\/\/cdnoticias.com\/index.php\/wp-json\/wp\/v2\/media?parent=113115"}],"wp:term":[{"taxonomy":"category","embeddable":true,"href":"https:\/\/cdnoticias.com\/index.php\/wp-json\/wp\/v2\/categories?post=113115"},{"taxonomy":"post_tag","embeddable":true,"href":"https:\/\/cdnoticias.com\/index.php\/wp-json\/wp\/v2\/tags?post=113115"}],"curies":[{"name":"wp","href":"https:\/\/api.w.org\/{rel}","templated":true}]}}