{"id":113108,"date":"2024-04-05T17:10:22","date_gmt":"2024-04-05T20:10:22","guid":{"rendered":"https:\/\/cdnoticias.com\/?p=113108"},"modified":"2024-04-05T21:14:45","modified_gmt":"2024-04-06T00:14:45","slug":"a-sala-llena-se-presento-el-libro-esta-entre-nosotros","status":"publish","type":"post","link":"https:\/\/cdnoticias.com\/index.php\/2024\/04\/05\/a-sala-llena-se-presento-el-libro-esta-entre-nosotros\/","title":{"rendered":"A sala llena se present\u00f3 el libro \u201cEst\u00e1 entre nosotros\u201d"},"content":{"rendered":"<p>Pablo Sem\u00e1n, Mart\u00edn Vicente y Nicol\u00e1s Welschinger expusieron en el Centro Cultural Universitario de UNICEN. La derecha en an\u00e1lisis y en debate.<\/p>\n<p><!--more--><\/p>\n<hr \/>\n<p><strong>Difusi\u00f3n de investigaciones, debate y reflexi\u00f3n<\/strong> sobre el<strong> avance de la derecha<\/strong> fue la propuesta que este jueves se llev\u00f3 adelante <strong>en el Centro Cultural Universitario de UNICEN<\/strong> en Olavarr\u00eda.<\/p>\n<p>La convocatoria fue destacada: <strong>a sala llena se present\u00f3 el libro \u201cEst\u00e1 entre nosotros<\/strong>. \u00bfDe d\u00f3nde sale y hasta d\u00f3nde puede llegar la extrema derecha que no vimos venir?\u201d.<\/p>\n<p>Para la exposici\u00f3n llegaron el <strong>coordinador de la obra, Pablo Sem\u00e1n (UNSAM), y dos autores el Dr. Mart\u00edn Vicente (UNICEN) y el Dr. Nicol\u00e1s Welschinger (UNLP)<\/strong>. La presentaci\u00f3n estuvo a cargo de <strong>Constanza Caffarelli, de UNICEN.<\/strong><\/p>\n<p><img data-recalc-dims=\"1\" loading=\"lazy\" decoding=\"async\" class=\"size-full wp-image-113113 aligncenter\" src=\"https:\/\/i0.wp.com\/cdnoticias.com\/wp-content\/uploads\/2024\/04\/pablo-seman-charla-03.jpg?resize=800%2C445&#038;ssl=1\" alt=\"\" width=\"800\" height=\"445\" srcset=\"https:\/\/i0.wp.com\/cdnoticias.com\/wp-content\/uploads\/2024\/04\/pablo-seman-charla-03.jpg?w=800&amp;ssl=1 800w, https:\/\/i0.wp.com\/cdnoticias.com\/wp-content\/uploads\/2024\/04\/pablo-seman-charla-03.jpg?resize=300%2C167&amp;ssl=1 300w, https:\/\/i0.wp.com\/cdnoticias.com\/wp-content\/uploads\/2024\/04\/pablo-seman-charla-03.jpg?resize=768%2C427&amp;ssl=1 768w\" sizes=\"auto, (max-width: 800px) 100vw, 800px\" \/><\/p>\n<p>Tras la apertura, se comentaron distintos aspectos de investigaci\u00f3n abordados en el libro: <em>cu\u00e1ndo y c\u00f3mo se origina el movimiento que deriv\u00f3 en la expresi\u00f3n electoral de La Libertad Avanza, las particularidades nacionales y su coincidencia con otros movimientos de derecha en distintos pa\u00edse<\/em>s. Los autores contextualizaron el <strong>re-surgimiento en la ruptura entre sociedad y estado, y en la \u201ccrisis del estado\u201d<\/strong> para plantear que a partir de all\u00ed <strong>el sector liberal-libertario logr\u00f3 convocar adhesiones de numerosos grupos sociales en descontento<\/strong>.<\/p>\n<p>Con ello expusieron lo estudios que concretaron con la<strong> juventud<\/strong>, con el <strong>mundo del trabajo<\/strong>, con las <strong>vivencias en el sector educativo<\/strong>, para describir distintos <strong>conceptos que hacen al movimiento pol\u00edtico de derecha y la construcci\u00f3n de la candidatura de Javier Milei a la presidencia<\/strong>.<\/p>\n<p><img data-recalc-dims=\"1\" loading=\"lazy\" decoding=\"async\" class=\"size-full wp-image-113112 aligncenter\" src=\"https:\/\/i0.wp.com\/cdnoticias.com\/wp-content\/uploads\/2024\/04\/pablo-seman-charla-02.jpg?resize=800%2C445&#038;ssl=1\" alt=\"\" width=\"800\" height=\"445\" srcset=\"https:\/\/i0.wp.com\/cdnoticias.com\/wp-content\/uploads\/2024\/04\/pablo-seman-charla-02.jpg?w=800&amp;ssl=1 800w, https:\/\/i0.wp.com\/cdnoticias.com\/wp-content\/uploads\/2024\/04\/pablo-seman-charla-02.jpg?resize=300%2C167&amp;ssl=1 300w, https:\/\/i0.wp.com\/cdnoticias.com\/wp-content\/uploads\/2024\/04\/pablo-seman-charla-02.jpg?resize=768%2C427&amp;ssl=1 768w\" sizes=\"auto, (max-width: 800px) 100vw, 800px\" \/><\/p>\n<p>El <strong>intercambio con el p\u00fablico<\/strong>, que pudo hacer varias preguntas, tuvo numerosos temas en exposici\u00f3n relacionados al <strong>desarrollo de la campa\u00f1a electoral, las elecciones y a los avances de estos pocos meses de gesti\u00f3n de Javier Milei<\/strong>. La charla avanz\u00f3 sobre la idea de <strong>individualismo<\/strong>, de<strong> federalismo<\/strong> y de <strong>posicionamiento de otras fuerzas pol\u00edticas<\/strong> frente a la crisis del estado.<\/p>\n<h2>El libro<\/h2>\n<p>El libro, que desde <strong>su publicaci\u00f3n a fines de 2023 cosech\u00f3 dos ediciones<\/strong>, aborda interrogantes y reflexiones de gran actualidad. \u00bfDe d\u00f3nde surge la derecha radicalizada que interpela transversalmente a la sociedad? \u00bfC\u00f3mo se organiza? \u00bfQu\u00e9 sucedi\u00f3 para que esa extrema derecha lleg\u00f3 al gobierno en el pa\u00eds del \u201cNunca M\u00e1s\u201d? Sus autores investigan desde 2019 el crecimiento de los grupos libertarios, y han conseguido \u201ccaptar sus particularidades sin condescendencia y sin etiquetarlos como un fen\u00f3meno ex\u00f3tico\u201d, como reza la contratapa.<\/p>\n<p><img data-recalc-dims=\"1\" loading=\"lazy\" decoding=\"async\" class=\"size-full wp-image-113111 aligncenter\" src=\"https:\/\/i0.wp.com\/cdnoticias.com\/wp-content\/uploads\/2024\/04\/pablo-seman-charla-01.jpg?resize=800%2C445&#038;ssl=1\" alt=\"\" width=\"800\" height=\"445\" srcset=\"https:\/\/i0.wp.com\/cdnoticias.com\/wp-content\/uploads\/2024\/04\/pablo-seman-charla-01.jpg?w=800&amp;ssl=1 800w, https:\/\/i0.wp.com\/cdnoticias.com\/wp-content\/uploads\/2024\/04\/pablo-seman-charla-01.jpg?resize=300%2C167&amp;ssl=1 300w, https:\/\/i0.wp.com\/cdnoticias.com\/wp-content\/uploads\/2024\/04\/pablo-seman-charla-01.jpg?resize=768%2C427&amp;ssl=1 768w\" sizes=\"auto, (max-width: 800px) 100vw, 800px\" \/><\/p>\n<p>A partir de <em>un trabajo de campo \u201cque no sali\u00f3 a buscar libertarios sino que los encontr\u00f3 y supo escucharlos, explican sus vasos comunicantes con las derechas tradicionales, as\u00ed como su cuota de novedad: sostienen posiciones antiestatistas y anticasta, pero no son gorilas y se identifican con una pulsi\u00f3n plebeya, masiva y popular, que los lleva a disputar la batalla cultural contra lo que sienten como una hegemon\u00eda progresista mentirosa\u201d<\/em>. Lejos de la huida o la negaci\u00f3n, <strong>este libro \u201ces un llamado a la realidad\u201d: no intenta clasificar o se\u00f1alar, sino que convoca a \u201centender qu\u00e9 demandas, experiencias y sensibilidades heterog\u00e9neas la atraviesan, y qu\u00e9 responsabilidad le cabe a la pol\u00edtica democr\u00e1tica si no quiere aislarse de la sociedad\u201d<\/strong>.<\/p>\n<p>El Dr. Sem\u00e1n es soci\u00f3logo y antrop\u00f3logo especializado en culturas populares y religi\u00f3n. Es investigador del Consejo Nacional de Investigaciones Cient\u00edficas y Te\u0301cnicas (CONICET) y profesor del Instituto de Altos Estudios Sociales de la Universidad Nacional de San Marti\u0301n (UNSAM).<\/p>\n<p>La presentaci\u00f3n fue organizada por el N\u00facleo Regional de Estudios Socioculturales de la Facultad de Ciencias Sociales de UNICEN. Auspiciaron la actividad el Centro Empleados de Comercio de Olavarr\u00eda, Librer\u00eda el Puente y Banco Credicoop.<\/p>\n<p><img data-recalc-dims=\"1\" loading=\"lazy\" decoding=\"async\" class=\"size-full wp-image-113109 aligncenter\" src=\"https:\/\/i0.wp.com\/cdnoticias.com\/wp-content\/uploads\/2024\/04\/pablo-seman-charla-04.jpg?resize=800%2C445&#038;ssl=1\" alt=\"\" width=\"800\" height=\"445\" srcset=\"https:\/\/i0.wp.com\/cdnoticias.com\/wp-content\/uploads\/2024\/04\/pablo-seman-charla-04.jpg?w=800&amp;ssl=1 800w, https:\/\/i0.wp.com\/cdnoticias.com\/wp-content\/uploads\/2024\/04\/pablo-seman-charla-04.jpg?resize=300%2C167&amp;ssl=1 300w, https:\/\/i0.wp.com\/cdnoticias.com\/wp-content\/uploads\/2024\/04\/pablo-seman-charla-04.jpg?resize=768%2C427&amp;ssl=1 768w\" sizes=\"auto, (max-width: 800px) 100vw, 800px\" \/><\/p>\n","protected":false},"excerpt":{"rendered":"<p>Pablo Sem\u00e1n, Mart\u00edn Vicente y Nicol\u00e1s Welschinger expusieron en el Centro Cultural Universitario de UNICEN. La derecha en an\u00e1lisis y<\/p>\n","protected":false},"author":4,"featured_media":113110,"comment_status":"closed","ping_status":"closed","sticky":false,"template":"","format":"standard","meta":{"_jetpack_memberships_contains_paid_content":false,"footnotes":""},"categories":[9,1],"tags":[],"class_list":["post-113108","post","type-post","status-publish","format-standard","has-post-thumbnail","hentry","category-cultura","category-portada"],"jetpack_featured_media_url":"https:\/\/i0.wp.com\/cdnoticias.com\/wp-content\/uploads\/2024\/04\/pablo-seman-charla-00.jpg?fit=800%2C445&ssl=1","jetpack_sharing_enabled":true,"_links":{"self":[{"href":"https:\/\/cdnoticias.com\/index.php\/wp-json\/wp\/v2\/posts\/113108","targetHints":{"allow":["GET"]}}],"collection":[{"href":"https:\/\/cdnoticias.com\/index.php\/wp-json\/wp\/v2\/posts"}],"about":[{"href":"https:\/\/cdnoticias.com\/index.php\/wp-json\/wp\/v2\/types\/post"}],"author":[{"embeddable":true,"href":"https:\/\/cdnoticias.com\/index.php\/wp-json\/wp\/v2\/users\/4"}],"replies":[{"embeddable":true,"href":"https:\/\/cdnoticias.com\/index.php\/wp-json\/wp\/v2\/comments?post=113108"}],"version-history":[{"count":0,"href":"https:\/\/cdnoticias.com\/index.php\/wp-json\/wp\/v2\/posts\/113108\/revisions"}],"wp:featuredmedia":[{"embeddable":true,"href":"https:\/\/cdnoticias.com\/index.php\/wp-json\/wp\/v2\/media\/113110"}],"wp:attachment":[{"href":"https:\/\/cdnoticias.com\/index.php\/wp-json\/wp\/v2\/media?parent=113108"}],"wp:term":[{"taxonomy":"category","embeddable":true,"href":"https:\/\/cdnoticias.com\/index.php\/wp-json\/wp\/v2\/categories?post=113108"},{"taxonomy":"post_tag","embeddable":true,"href":"https:\/\/cdnoticias.com\/index.php\/wp-json\/wp\/v2\/tags?post=113108"}],"curies":[{"name":"wp","href":"https:\/\/api.w.org\/{rel}","templated":true}]}}