{"id":113092,"date":"2024-04-05T12:30:49","date_gmt":"2024-04-05T15:30:49","guid":{"rendered":"https:\/\/cdnoticias.com\/?p=113092"},"modified":"2024-04-05T17:55:30","modified_gmt":"2024-04-05T20:55:30","slug":"paro-nacional-de-ate-85-de-adhesion-en-la-seccional-olavarria","status":"publish","type":"post","link":"https:\/\/cdnoticias.com\/index.php\/2024\/04\/05\/paro-nacional-de-ate-85-de-adhesion-en-la-seccional-olavarria\/","title":{"rendered":"Paro nacional de ATE: 85% de adhesi\u00f3n en la Seccional Olavarr\u00eda"},"content":{"rendered":"<p>Alto acatamiento en la regi\u00f3n de los auxiliares de educaci\u00f3n. Denuncia por irregularidades. El \u201cmiedo\u201d de los empleados provinciales y la precarizaci\u00f3n laboral. \u201cTiene que salir un paro nacional con todo, con acuerdo de la CTA y la CGT, se deben encontrar\u201d consider\u00f3 Mar\u00eda Luisa Quintana.<\/p>\n<p><!--more--><\/p>\n<hr \/>\n<p>La <strong>Asociaci\u00f3n de Trabajadores del Estado (ATE) Seccional Olavarr\u00eda<\/strong> registra un <strong>alto acatamiento<\/strong> al <strong>paro nacional<\/strong> <a href=\"https:\/\/cdnoticias.com\/index.php\/2024\/04\/04\/ate-realizara-un-nuevo-paro-nacional-este-viernes\/\" target=\"_blank\" rel=\"noopener\">declarado para este viernes en protesta por los despidos masivos de trabajadores en organismos nacionales<\/a>. Adem\u00e1s, se destac\u00f3 que <strong>los afiliados locales expresaron en los \u00faltimos d\u00edas su \u201cmiedo\u201d por la continuidad de este tipo de medidas<\/strong> e incluso por la posibilidad de que suceda en el \u00e1mbito provincial.<\/p>\n<p>&nbsp;<\/p>\n<p><strong>Central de Noticias<\/strong> dialog\u00f3 con <strong>Mar\u00eda Luisa Quintana, secretaria general<\/strong> quien inform\u00f3 que <strong>la adhesi\u00f3n al paro alcanza al 85% en todos los distritos<\/strong> y localidades que componen la <strong>seccional Olavarr\u00eda<\/strong> del sindicato: <strong>Bol\u00edvar, Laprida, La Madrid, Daireaux, Henderson y Urdampilleta, adem\u00e1s de Olavarr\u00eda<\/strong>.<\/p>\n<p>&nbsp;<\/p>\n<p>Quienes adhieren son<strong> trabajadores auxiliares de educaci\u00f3n de los niveles inicial, primario, secundario y terciario<\/strong>.<\/p>\n<p>&nbsp;<\/p>\n<figure id=\"attachment_113093\" aria-describedby=\"caption-attachment-113093\" style=\"width: 1000px\" class=\"wp-caption aligncenter\"><img data-recalc-dims=\"1\" loading=\"lazy\" decoding=\"async\" class=\"wp-image-113093 size-full\" src=\"https:\/\/i0.wp.com\/cdnoticias.com\/wp-content\/uploads\/2024\/04\/ATE-asamblea-00.jpg?resize=800%2C445&#038;ssl=1\" alt=\"\" width=\"800\" height=\"445\" srcset=\"https:\/\/i0.wp.com\/cdnoticias.com\/wp-content\/uploads\/2024\/04\/ATE-asamblea-00.jpg?w=1000&amp;ssl=1 1000w, https:\/\/i0.wp.com\/cdnoticias.com\/wp-content\/uploads\/2024\/04\/ATE-asamblea-00.jpg?resize=300%2C167&amp;ssl=1 300w, https:\/\/i0.wp.com\/cdnoticias.com\/wp-content\/uploads\/2024\/04\/ATE-asamblea-00.jpg?resize=768%2C427&amp;ssl=1 768w, https:\/\/i0.wp.com\/cdnoticias.com\/wp-content\/uploads\/2024\/04\/ATE-asamblea-00.jpg?resize=800%2C445&amp;ssl=1 800w\" sizes=\"auto, (max-width: 800px) 100vw, 800px\" \/><figcaption id=\"caption-attachment-113093\" class=\"wp-caption-text\">Asamblea de trabajadores del mi\u00e9rcoles 3 de abril. Foto: ATE Seccional Olavarr\u00eda<\/figcaption><\/figure>\n<p>&nbsp;<\/p>\n<blockquote><p>Desde ATE se denunci\u00f3 que este viernes se han registrado irregularidades: \u201cen algunos lados los padres van a trabajar a las escuelas. Los directores los invitan a limpiar para que haya clases. O hacen trabajar horas extra al personal que no adhiere al paro\u201d inform\u00f3. Aclar\u00f3 que las situaciones se dieron en Laprida y desde el sindicato se tomar\u00e1n medidas para evitar su reiteraci\u00f3n.<\/p><\/blockquote>\n<p>&nbsp;<\/p>\n<p>Tal como hab\u00eda adelantado <a href=\"https:\/\/cdnoticias.com\/index.php\/2024\/04\/03\/despidos-en-organismos-nacionales-estamos-peleando-por-las-indemnizaciones\/\" target=\"_blank\" rel=\"noopener\">en la manifestaci\u00f3n del mi\u00e9rcoles por la ma\u00f1ana<\/a>, Quintana indic\u00f3 que <strong>se llevaron a cabo asambleas durante esa jornada<\/strong> en la sede sindical. <strong>\u201cEstuvo muy bueno porque empezamos con la gente de educaci\u00f3n y vino Suyai Compagnon, ella cont\u00f3 de primera mano qu\u00e9 est\u00e1 pasando. Qu\u00e9 mejor que ella para dar el panorama general\u201d<\/strong> expres\u00f3 en referencia a <a href=\"https:\/\/cdnoticias.com\/index.php\/2024\/04\/03\/corte-de-contratos-en-desarrollo-social-de-la-nacion-no-hubo-ningun-criterio-fue-al-azar\/\" target=\"_blank\" rel=\"noopener\">una de las trabajadoras que desde el mi\u00e9rcoles qued\u00f3 sin trabajo en el \u00e1rea de Capital Humano de la Naci\u00f3n<\/a> donde se desempe\u00f1aba desde hace 10 a\u00f1os en calidad de contratada.<\/p>\n<p>&nbsp;<\/p>\n<figure id=\"attachment_112893\" aria-describedby=\"caption-attachment-112893\" style=\"width: 800px\" class=\"wp-caption aligncenter\"><img data-recalc-dims=\"1\" loading=\"lazy\" decoding=\"async\" class=\"wp-image-112893 size-full\" src=\"https:\/\/i0.wp.com\/cdnoticias.com\/wp-content\/uploads\/2024\/04\/ate-quintana-reclamo-despidos-nacion-.jpg?resize=800%2C445&#038;ssl=1\" alt=\"\" width=\"800\" height=\"445\" srcset=\"https:\/\/i0.wp.com\/cdnoticias.com\/wp-content\/uploads\/2024\/04\/ate-quintana-reclamo-despidos-nacion-.jpg?w=800&amp;ssl=1 800w, https:\/\/i0.wp.com\/cdnoticias.com\/wp-content\/uploads\/2024\/04\/ate-quintana-reclamo-despidos-nacion-.jpg?resize=300%2C167&amp;ssl=1 300w, https:\/\/i0.wp.com\/cdnoticias.com\/wp-content\/uploads\/2024\/04\/ate-quintana-reclamo-despidos-nacion-.jpg?resize=768%2C427&amp;ssl=1 768w\" sizes=\"auto, (max-width: 800px) 100vw, 800px\" \/><figcaption id=\"caption-attachment-112893\" class=\"wp-caption-text\">Mar\u00eda Luisa Quintana: \u201cTiene que salir un paro nacional con todo\u201d.<\/figcaption><\/figure>\n<p>&nbsp;<\/p>\n<p>La secretaria general plante\u00f3 que las<strong> asambleas de ATE<\/strong> no son masivas en cantidad de asistentes, aunque valor\u00f3 que<strong> \u201ca cada reuni\u00f3n se acercan caras nuevas\u201d.<\/strong> Advirti\u00f3 que en el \u00faltimo tiempo por parte de los afiliados <strong>\u201chay mayor compromiso, tienen miedo de que tambi\u00e9n se corten contratos en la Provincia\u201d<\/strong>. Apunt\u00f3 con ello a que <strong>la \u201cprecarizaci\u00f3n laboral\u201d se repite tanto en el estado provincial como en el nacional<\/strong>. En cuanto al estado bonaerense, agreg\u00f3 que el personal contratado aument\u00f3 con la pandemia de Covid-19.<\/p>\n<p>&nbsp;<\/p>\n<p>Tambi\u00e9n apunt\u00f3 con<strong> \u201cpreocupaci\u00f3n\u201d al estado de las finanzas bonaerenses para el sost\u00e9n de los pagos salariales<\/strong>, afectadas por los recortes de los fondos aplicados por la Naci\u00f3n.<\/p>\n<p>&nbsp;<\/p>\n<blockquote><p>Para el futuro pr\u00f3ximo, la intenci\u00f3n es sostener la lucha. \u201cTiene que salir un paro nacional con todo, con acuerdo de la CTA y la CGT, se deben encontrar\u201d consider\u00f3 Mar\u00eda Luisa Quintana al recordar <a href=\"https:\/\/cdnoticias.com\/index.php\/2024\/01\/24\/multitudinaria-marcha-los-olavarrienses-se-manifestaron-en-contra-del-dnu-y-la-ley-omnibus\/\" target=\"_blank\" rel=\"noopener\">lo que sucedi\u00f3 el 24 de enero<\/a> cuando las centrales obreras coincidieron en la convocatoria a una medida de fuerza. \u201cNosotros trabajamos en la multisectorial como sindicato\u201d enfatiz\u00f3 sobre la representaci\u00f3n local y regional, para apoyar el llamado conjunto.<\/p><\/blockquote>\n<p>&nbsp;<\/p>\n<figure id=\"attachment_113094\" aria-describedby=\"caption-attachment-113094\" style=\"width: 1000px\" class=\"wp-caption aligncenter\"><img data-recalc-dims=\"1\" loading=\"lazy\" decoding=\"async\" class=\"wp-image-113094 size-full\" src=\"https:\/\/i0.wp.com\/cdnoticias.com\/wp-content\/uploads\/2024\/04\/ATE-asamblea-01.jpg?resize=800%2C445&#038;ssl=1\" alt=\"\" width=\"800\" height=\"445\" srcset=\"https:\/\/i0.wp.com\/cdnoticias.com\/wp-content\/uploads\/2024\/04\/ATE-asamblea-01.jpg?w=1000&amp;ssl=1 1000w, https:\/\/i0.wp.com\/cdnoticias.com\/wp-content\/uploads\/2024\/04\/ATE-asamblea-01.jpg?resize=300%2C167&amp;ssl=1 300w, https:\/\/i0.wp.com\/cdnoticias.com\/wp-content\/uploads\/2024\/04\/ATE-asamblea-01.jpg?resize=768%2C427&amp;ssl=1 768w, https:\/\/i0.wp.com\/cdnoticias.com\/wp-content\/uploads\/2024\/04\/ATE-asamblea-01.jpg?resize=800%2C445&amp;ssl=1 800w\" sizes=\"auto, (max-width: 800px) 100vw, 800px\" \/><figcaption id=\"caption-attachment-113094\" class=\"wp-caption-text\">Asamblea de trabajadores del mi\u00e9rcoles 3 de abril. Foto: ATE Seccional Olavarr\u00eda<\/figcaption><\/figure>\n<p>&nbsp;<\/p>\n","protected":false},"excerpt":{"rendered":"<p>Alto acatamiento en la regi\u00f3n de los auxiliares de educaci\u00f3n. Denuncia por irregularidades. El \u201cmiedo\u201d de los empleados provinciales y<\/p>\n","protected":false},"author":4,"featured_media":112894,"comment_status":"closed","ping_status":"closed","sticky":false,"template":"","format":"standard","meta":{"_jetpack_memberships_contains_paid_content":false,"footnotes":""},"categories":[5,1],"tags":[],"class_list":["post-113092","post","type-post","status-publish","format-standard","has-post-thumbnail","hentry","category-informacion-general","category-portada"],"jetpack_featured_media_url":"https:\/\/i0.wp.com\/cdnoticias.com\/wp-content\/uploads\/2024\/04\/ate-reclamo-despidos-nacion.jpg?fit=800%2C445&ssl=1","jetpack_sharing_enabled":true,"_links":{"self":[{"href":"https:\/\/cdnoticias.com\/index.php\/wp-json\/wp\/v2\/posts\/113092","targetHints":{"allow":["GET"]}}],"collection":[{"href":"https:\/\/cdnoticias.com\/index.php\/wp-json\/wp\/v2\/posts"}],"about":[{"href":"https:\/\/cdnoticias.com\/index.php\/wp-json\/wp\/v2\/types\/post"}],"author":[{"embeddable":true,"href":"https:\/\/cdnoticias.com\/index.php\/wp-json\/wp\/v2\/users\/4"}],"replies":[{"embeddable":true,"href":"https:\/\/cdnoticias.com\/index.php\/wp-json\/wp\/v2\/comments?post=113092"}],"version-history":[{"count":0,"href":"https:\/\/cdnoticias.com\/index.php\/wp-json\/wp\/v2\/posts\/113092\/revisions"}],"wp:featuredmedia":[{"embeddable":true,"href":"https:\/\/cdnoticias.com\/index.php\/wp-json\/wp\/v2\/media\/112894"}],"wp:attachment":[{"href":"https:\/\/cdnoticias.com\/index.php\/wp-json\/wp\/v2\/media?parent=113092"}],"wp:term":[{"taxonomy":"category","embeddable":true,"href":"https:\/\/cdnoticias.com\/index.php\/wp-json\/wp\/v2\/categories?post=113092"},{"taxonomy":"post_tag","embeddable":true,"href":"https:\/\/cdnoticias.com\/index.php\/wp-json\/wp\/v2\/tags?post=113092"}],"curies":[{"name":"wp","href":"https:\/\/api.w.org\/{rel}","templated":true}]}}